{"id":42670,"date":"2024-11-30T00:05:00","date_gmt":"2024-11-30T03:05:00","guid":{"rendered":"https:\/\/noticiasdestaque.com.br\/index.php\/2024\/11\/30\/sao-goncalo-do-rio-abaixo-mg-municipio-minerador-impulsiona-diversificacao-economica\/"},"modified":"2024-11-30T00:05:00","modified_gmt":"2024-11-30T03:05:00","slug":"sao-goncalo-do-rio-abaixo-mg-municipio-minerador-impulsiona-diversificacao-economica","status":"publish","type":"post","link":"https:\/\/noticiasdestaque.com.br\/index.php\/2024\/11\/30\/sao-goncalo-do-rio-abaixo-mg-municipio-minerador-impulsiona-diversificacao-economica\/","title":{"rendered":"S\u00e3o Gon\u00e7alo do Rio Abaixo (MG): munic\u00edpio minerador impulsiona diversifica\u00e7\u00e3o econ\u00f4mica"},"content":{"rendered":"<p>Com o apoio institucional da <a href=\"https:\/\/www.amig.org.br\/\">Associa\u00e7\u00e3o de Munic\u00edpios Mineradores de Minas Gerais e do Brasil (Amig)<\/a> e do <a href=\"https:\/\/ibram.org.br\/\">Instituto Brasileiro de Minera\u00e7\u00e3o (IBRAM)<\/a>, o munic\u00edpio mineiro de S\u00e3o Gon\u00e7alo do Rio Abaixo j\u00e1 est\u00e1 colhendo os resultados positivos do Prospera+, programa de diversifica\u00e7\u00e3o econ\u00f4mica, desenvolvido pela Prefeitura, e que est\u00e1 em opera\u00e7\u00e3o desde junho deste ano. O programa re\u00fane pol\u00edticas p\u00fablicas de desenvolvimento econ\u00f4mico para atrair novos empreendimentos, estrat\u00e9gias de qualifica\u00e7\u00e3o de m\u00e3o-de-obra e de suporte a empresas j\u00e1 instaladas na cidade para a expans\u00e3o de seus neg\u00f3cios.\u00a0<\/p>\n<p>Uma das empresas beneficiadas \u00e9 a Fral\u00eda Cacau Brasil, a \u00fanica ind\u00fastria processadora de cacau em Minas Gerais, com sede no munic\u00edpio, que vai triplicar a capacidade instalada da sua unidade fabril, chegando a 1 mil toneladas mensal de produtos acabados, com o aux\u00edlio dos incentivos oferecidos pelo Prospera+. Segundo o CEO, Matheus Pedrosa dos Reis, o projeto de expans\u00e3o \u00e9 de dois anos e gira em torno de R$ 20 milh\u00f5es, sendo 30% desse montante destinados ao mercado de exporta\u00e7\u00e3o.<\/p>\n<p>A Fral\u00eda assinou o Termo de Compromisso junto \u00e0 prefeitura de S\u00e3o Gon\u00e7alo do Rio Abaixo, que contribuir\u00e1 para o avan\u00e7o de seu processo de expans\u00e3o. A previs\u00e3o \u00e9 que a planta da unidade fabril da empresa saia dos atuais 3 mil m\u00b2 e chegue a 10 mil m\u00b22 ao final do projeto, com dura\u00e7\u00e3o prevista de dois anos, a partir da concess\u00e3o de um terreno, de propriedade da prefeitura, por um per\u00edodo de dez anos. A \u00e1rea foi viabilizada pelo Banco de \u00c1reas, uma pol\u00edtica p\u00fablica pioneira do Prospera+, que implantou um sistema municipal de cadastramento de \u00e1reas e im\u00f3veis p\u00fablicos e privados para estimular novos neg\u00f3cios.<\/p>\n<p>&#8220;S\u00e3o Gon\u00e7alo tem uma posi\u00e7\u00e3o geogr\u00e1fica estrat\u00e9gica na regi\u00e3o, \u00e0s margens da BR 381 e o formato do Prospera+, com uma vis\u00e3o moderna e abrangente, traz uma condi\u00e7\u00e3o ainda mais favor\u00e1vel para investimentos no munic\u00edpio. O apoio oferecido pelo programa tem sido essencial para o nosso plano de expans\u00e3o. Isso nos permite, n\u00e3o apenas fortalecer nossa presen\u00e7a no mercado nacional, mas tamb\u00e9m gerar mais empregos e oportunidades para a comunidade local. O Prospera+ \u00e9 um verdadeiro parceiro no crescimento sustent\u00e1vel da Fral\u00eda&#8221;, afirma Matheus Pedrosa dos Reis.<\/p>\n<p>De acordo com Matheus, a Fral\u00eda dever\u00e1 utilizar tamb\u00e9m os recursos dispon\u00edveis para neg\u00f3cios de todos os portes oferecidos pelo programa. Um desses recursos, \u00e9 o Fundo de Equaliza\u00e7\u00e3o, que, agora, \u00e9 gerido pelo Sicoob Credimepi. O Fundo foi estabelecido pela prefeitura com o objetivo de financiar neg\u00f3cios. Al\u00e9m disso, a Fral\u00eda dever\u00e1 contar, ainda, com o Bolsa Trabalho, um programa de est\u00edmulo financeiro em que a prefeitura subsidia uma bolsa para o treinamento e qualifica\u00e7\u00e3o de jovens e trabalhadores em empresas parceiras, proporcionando uma oportunidade de desenvolvimento profissional.<\/p>\n<p>Segundo o prefeito de S\u00e3o Gon\u00e7alo do Rio Abaixo, Raimundo Nonato de Barcelos (Nozinho), o Prospera+ tem atuado como um grande parceiro no projeto de diversifica\u00e7\u00e3o econ\u00f4mica na cidade. \u201cAinda estamos come\u00e7ando, e temos um projeto que dar\u00e1 resultados a m\u00e9dio e longo prazo. Temos um compromisso com a diversifica\u00e7\u00e3o da economia e a cria\u00e7\u00e3o de oportunidades que beneficiem tanto as empresas quanto a nossa popula\u00e7\u00e3o&#8221;, afirma.<\/p>\n<p>A Fral\u00eda dever\u00e1 cumprir as obriga\u00e7\u00f5es previstas no termo de compromisso, entre elas, a contrata\u00e7\u00e3o preferencial de residentes de S\u00e3o Gon\u00e7alo do Rio Abaixo, conforme os n\u00edveis de qualifica\u00e7\u00e3o especificados no Projeto de Implanta\u00e7\u00e3o\/Plano de Neg\u00f3cios apresentado. Al\u00e9m disso, a empresa dever\u00e1 prestar contas \u00e0 Secretaria Municipal de Desenvolvimento Econ\u00f4mico em rela\u00e7\u00e3o ao cumprimento dos termos estabelecidos. Todos os incentivos disponibilizados pela prefeitura s\u00e3o regulamentados ap\u00f3s a an\u00e1lise e aprova\u00e7\u00e3o do Conselho de Desenvolvimento Econ\u00f4mico, composto por membros das esferas p\u00fablica, privada e da sociedade civil.<\/p>\n<p>\t\t\t\t\t\t\t\t\t<img loading=\"lazy\" decoding=\"async\" src=\"https:\/\/brasil61.com\/api\/v1\/serve_pixel\/17677\/78795\" alt=\"Pixel Brasil 61\" class=\"b61_pixel\" width=\"0\" height=\"0\"><\/p>\n<input type=\"hidden\" id=\"baseurl\" value=\"https:\/\/noticiasdestaque.com.br\"><input type=\"hidden\" id=\"audio_nonce\" value=\"6f73a554f1\">","protected":false},"excerpt":{"rendered":"<p>O programa re\u00fane pol\u00edticas p\u00fablicas de desenvolvimento econ\u00f4mico para atrair novos empreendimentos, estrat\u00e9gias de qualifica\u00e7\u00e3o de m\u00e3o-de-obra e de suporte a empresas j\u00e1 instaladas<\/p>\n","protected":false},"author":1,"featured_media":42671,"comment_status":"open","ping_status":"open","sticky":false,"template":"","format":"standard","meta":{"fifu_image_url":"","fifu_image_alt":"","footnotes":""},"categories":[59],"tags":[],"class_list":["post-42670","post","type-post","status-publish","format-standard","has-post-thumbnail","hentry","category-economia"],"distributor_meta":false,"distributor_terms":false,"distributor_media":false,"distributor_original_site_name":"Noticias em Destaque","distributor_original_site_url":"https:\/\/noticiasdestaque.com.br","push-errors":false,"_links":{"self":[{"href":"https:\/\/noticiasdestaque.com.br\/index.php\/wp-json\/wp\/v2\/posts\/42670","targetHints":{"allow":["GET"]}}],"collection":[{"href":"https:\/\/noticiasdestaque.com.br\/index.php\/wp-json\/wp\/v2\/posts"}],"about":[{"href":"https:\/\/noticiasdestaque.com.br\/index.php\/wp-json\/wp\/v2\/types\/post"}],"author":[{"embeddable":true,"href":"https:\/\/noticiasdestaque.com.br\/index.php\/wp-json\/wp\/v2\/users\/1"}],"replies":[{"embeddable":true,"href":"https:\/\/noticiasdestaque.com.br\/index.php\/wp-json\/wp\/v2\/comments?post=42670"}],"version-history":[{"count":0,"href":"https:\/\/noticiasdestaque.com.br\/index.php\/wp-json\/wp\/v2\/posts\/42670\/revisions"}],"wp:featuredmedia":[{"embeddable":true,"href":"https:\/\/noticiasdestaque.com.br\/index.php\/wp-json\/wp\/v2\/media\/42671"}],"wp:attachment":[{"href":"https:\/\/noticiasdestaque.com.br\/index.php\/wp-json\/wp\/v2\/media?parent=42670"}],"wp:term":[{"taxonomy":"category","embeddable":true,"href":"https:\/\/noticiasdestaque.com.br\/index.php\/wp-json\/wp\/v2\/categories?post=42670"},{"taxonomy":"post_tag","embeddable":true,"href":"https:\/\/noticiasdestaque.com.br\/index.php\/wp-json\/wp\/v2\/tags?post=42670"}],"curies":[{"name":"wp","href":"https:\/\/api.w.org\/{rel}","templated":true}]}}