{"id":42632,"date":"2024-11-08T20:21:00","date_gmt":"2024-11-08T23:21:00","guid":{"rendered":"https:\/\/noticiasdestaque.com.br\/index.php\/2024\/11\/08\/ana-sanches-e-a-personalidade-do-ano-do-setor-mineral\/"},"modified":"2024-11-08T20:21:00","modified_gmt":"2024-11-08T23:21:00","slug":"ana-sanches-e-a-personalidade-do-ano-do-setor-mineral","status":"publish","type":"post","link":"https:\/\/noticiasdestaque.com.br\/index.php\/2024\/11\/08\/ana-sanches-e-a-personalidade-do-ano-do-setor-mineral\/","title":{"rendered":"Ana Sanches \u00e9 a \u201cPersonalidade do Ano do Setor Mineral\u201d"},"content":{"rendered":"<p>Mais do que destacar a contribui\u00e7\u00e3o profissional para o desenvolvimento\u00a0 do setor mineral no per\u00edodo recente, a escolha de\u00a0<strong>Ana Sanches<\/strong>\u00a0como\u00a0<strong>Personalidade do Ano do Setor Mineral 2024<\/strong>\u00a0\u2013 com 41,2% dos votos recebidos dos leitores da revista\u00a0<strong>Brasil Mineral<\/strong>\u00a0\u2013, reflete especialmente o novo cen\u00e1rio da minera\u00e7\u00e3o brasileira, que tem se esfor\u00e7ado para ser cada vez mais inclusivo e diverso. Ao contr\u00e1rio de anos anteriores, em que havia diversas categorias, agora a premia\u00e7\u00e3o destaca apenas um nome entre aqueles que foram indicados pelo\u00a0Conselho Consultivo de Brasil Mineral.<\/p>\n<p>A eleita foi escolhida pela excel\u00eancia do seu trabalho como Presidente da Anglo American Brasil (onde refor\u00e7a a afirma\u00e7\u00e3o feminina em cargos diretivos da minera\u00e7\u00e3o) e por sua forte atua\u00e7\u00e3o como presidente do Conselho Diretor do IBRAM (onde \u00e9 a primeira mulher a ocupar este cargo na entidade).<\/p>\n<p>Ana Sanches \u00e9 mineira, graduada em Economia pela UFMG e Ci\u00eancias Cont\u00e1beis pela Fumec, e possui 27 anos de experi\u00eancia em finan\u00e7as, auditoria, planejamento estrat\u00e9gico e desenvolvimento de novos neg\u00f3cios. Tem MBA em Finan\u00e7as pelo Ibmec e Educa\u00e7\u00e3o Executiva pela Harvard Business School, Columbia University e London School of Economics.\u00a0<\/p>\n<p>Ela ingressou na Anglo American em 2012, durante a implementa\u00e7\u00e3o do projeto Minas-Rio, e, de 2015 a 2021, foi Chief Financial Officer (CFO) das opera\u00e7\u00f5es de min\u00e9rio de ferro e n\u00edquel no Brasil. Em 2018, foi nomeada como uma das mulheres mais influentes na minera\u00e7\u00e3o global pelo Women in Mining e, em 2019, ganhou o pr\u00eamio Equilibrista do Ibef-MG, como diretora financeira de destaque. Em 2021, se mudou para Londres, na Inglaterra, e, al\u00e9m de seu cargo de CFO das divis\u00f5es T\u00e9cnica, Sustentabilidade, Projetos e Desenvolvimento na sede global da empresa, acumulou tamb\u00e9m, em 2022, o papel de diretora interina da \u00e1rea de Projetos de Capital do grupo.\u00a0<\/p>\n<p>Em suas experi\u00eancias pr\u00e9vias \u00e0 Anglo American, trabalhou por oito anos como auditora externa na Arthur Andersen e na Deloitte, como respons\u00e1vel por projetos de auditoria em grandes empresas brasileiras e multinacionais. De 2006 a 2012, trabalhou na Holcim (ind\u00fastria de cimento), como Controller das opera\u00e7\u00f5es no Brasil.<\/p>\n<p>A entrega do pr\u00eamio de Personalidade do Ano do Setor Mineral para Ana Sanches acontecer\u00e1 dia 25 de novembro, na sede da FIEMG, juntamente com o F\u00f3rum \u201cO papel do setor mineral no enfrentamento das mudan\u00e7as clim\u00e1ticas\u201d e a entrega do trof\u00e9u \u00e0s Empresas do Ano do Setor Mineral 2024.<\/p>\n<p>\t\t\t\t\t\t\t\t\t<img loading=\"lazy\" decoding=\"async\" src=\"https:\/\/brasil61.com\/api\/v1\/serve_pixel\/17677\/78470\" alt=\"Pixel Brasil 61\" class=\"b61_pixel\" width=\"0\" height=\"0\"><\/p>\n<input type=\"hidden\" id=\"baseurl\" value=\"https:\/\/noticiasdestaque.com.br\"><input type=\"hidden\" id=\"audio_nonce\" value=\"6f73a554f1\">","protected":false},"excerpt":{"rendered":"<p>Com 41,2% dos votos recebidos dos leitores da revista Brasil Mineral, a elei\u00e7\u00e3o reflete especialmente o novo cen\u00e1rio da minera\u00e7\u00e3o brasileira, que tem se esfor\u00e7ado para ser cada vez mais inclusivo e diverso.<\/p>\n","protected":false},"author":1,"featured_media":42633,"comment_status":"open","ping_status":"open","sticky":false,"template":"","format":"standard","meta":{"fifu_image_url":"","fifu_image_alt":"","footnotes":""},"categories":[59],"tags":[],"class_list":["post-42632","post","type-post","status-publish","format-standard","has-post-thumbnail","hentry","category-economia"],"distributor_meta":false,"distributor_terms":false,"distributor_media":false,"distributor_original_site_name":"Noticias em Destaque","distributor_original_site_url":"https:\/\/noticiasdestaque.com.br","push-errors":false,"_links":{"self":[{"href":"https:\/\/noticiasdestaque.com.br\/index.php\/wp-json\/wp\/v2\/posts\/42632","targetHints":{"allow":["GET"]}}],"collection":[{"href":"https:\/\/noticiasdestaque.com.br\/index.php\/wp-json\/wp\/v2\/posts"}],"about":[{"href":"https:\/\/noticiasdestaque.com.br\/index.php\/wp-json\/wp\/v2\/types\/post"}],"author":[{"embeddable":true,"href":"https:\/\/noticiasdestaque.com.br\/index.php\/wp-json\/wp\/v2\/users\/1"}],"replies":[{"embeddable":true,"href":"https:\/\/noticiasdestaque.com.br\/index.php\/wp-json\/wp\/v2\/comments?post=42632"}],"version-history":[{"count":0,"href":"https:\/\/noticiasdestaque.com.br\/index.php\/wp-json\/wp\/v2\/posts\/42632\/revisions"}],"wp:featuredmedia":[{"embeddable":true,"href":"https:\/\/noticiasdestaque.com.br\/index.php\/wp-json\/wp\/v2\/media\/42633"}],"wp:attachment":[{"href":"https:\/\/noticiasdestaque.com.br\/index.php\/wp-json\/wp\/v2\/media?parent=42632"}],"wp:term":[{"taxonomy":"category","embeddable":true,"href":"https:\/\/noticiasdestaque.com.br\/index.php\/wp-json\/wp\/v2\/categories?post=42632"},{"taxonomy":"post_tag","embeddable":true,"href":"https:\/\/noticiasdestaque.com.br\/index.php\/wp-json\/wp\/v2\/tags?post=42632"}],"curies":[{"name":"wp","href":"https:\/\/api.w.org\/{rel}","templated":true}]}}