{"id":42626,"date":"2024-11-01T22:34:00","date_gmt":"2024-11-02T01:34:00","guid":{"rendered":"https:\/\/noticiasdestaque.com.br\/index.php\/2024\/11\/01\/lavras-do-sul-participa-de-entidade-para-recuperacao-do-rs\/"},"modified":"2024-11-01T22:34:00","modified_gmt":"2024-11-02T01:34:00","slug":"lavras-do-sul-participa-de-entidade-para-recuperacao-do-rs","status":"publish","type":"post","link":"https:\/\/noticiasdestaque.com.br\/index.php\/2024\/11\/01\/lavras-do-sul-participa-de-entidade-para-recuperacao-do-rs\/","title":{"rendered":"Lavras do Sul participa de entidade para recupera\u00e7\u00e3o do RS"},"content":{"rendered":"<p>Empres\u00e1rios e entidades do Rio Grande do Sul anunciaram a cria\u00e7\u00e3o da Frente pelo Desenvolvimento da Regi\u00e3o da Campanha no RS, uma entidade que re\u00fane representantes das principais atividades respons\u00e1veis pela sustenta\u00e7\u00e3o da economia ga\u00facha: pecu\u00e1ria, agricultura, com\u00e9rcio e minera\u00e7\u00e3o. A cerim\u00f4nia de lan\u00e7amento ocorreu dia 31 de outubro, durante o Universo Pecu\u00e1ria, evento realizado no Parque do Sindicato Rural de Lavras do Sul (RS).\u00a0<\/p>\n<p>O presidente da Associa\u00e7\u00e3o Comercial e Industrial de Ca\u00e7apava do Sul (ACIC), Eraldo Vasconcelos de Souza, ser\u00e1 o coordenador da Frente, ao lado de um comit\u00ea gestor formado por representantes de cada uma das \u00e1reas: Francisco Abascal, presidente do Sindicato Rural de Lavras do Sul, da pecu\u00e1ria; Gilberto Dickel, Presidente da Cotrisul, agricultura; Paulo Serpa,\u00a0<em>country manager<\/em>\u00a0da Lavras do Sul Minera\u00e7\u00e3o; e Fernanda Fernandez Mu\u00f1oz Delabary, Presidente da C\u00e2mara da Industria, Com\u00e9rcio e Servi\u00e7os de Lavras do Sul (CICS). \u201cO objetivo \u00e9 fortalecer a economia local, promover qualifica\u00e7\u00e3o e inclus\u00e3o, apoiar o desenvolvimento regional sustent\u00e1vel, atrair investimentos e pol\u00edticas p\u00fablicas que ofere\u00e7am suporte financeiro e log\u00edstico para as a\u00e7\u00f5es previstas. Al\u00e9m disso, buscar o destrave de regulamentos governamentais que hoje engessam e emperram atividades como a minera\u00e7\u00e3o\u201d, diz. Para o coordenador, isso representa \u201cum marco na regi\u00e3o, com a uni\u00e3o de setores produtivos \u2013 fato in\u00e9dito \u2013 e que tem tudo para colaborar com a mudan\u00e7a da nossa realidade socioecon\u00f4mica\u201d, disse o presidente da ACIC, Eraldo Vasconcelos.\u00a0<\/p>\n<p>A nova entidade foi criada para enfrentar desafios locais, que hoje dificultam o processo de desenvolvimento da Regi\u00e3o da Campanha Ga\u00facha como a baixa industrializa\u00e7\u00e3o e a necessidade de infraestrutura. Paulo Serpa, da Lavras do Sul Minera\u00e7\u00e3o, diz que o Rio Grande do Sul foi aben\u00e7oado em termos de recursos minerais e n\u00e3o pode desperdi\u00e7ar a oportunidade de promover o desenvolvimento da regi\u00e3o e do seu povo, extraindo os seus min\u00e9rios. \u201cAs oportunidades s\u00e3o reais e muito significativas. \u00c9 poss\u00edvel produzir riquezas e atuar com respeito \u00e0s pessoas, ao meio ambiente, \u00e0s institui\u00e7\u00f5es, legisla\u00e7\u00e3o e regula\u00e7\u00e3o. Os benef\u00edcios trazidos pelo desenvolvimento ser\u00e3o recebidos por toda a popula\u00e7\u00e3o, com eleva\u00e7\u00e3o da qualidade de vida, educa\u00e7\u00e3o, sa\u00fade, seguran\u00e7a, entre outros\u201d, afirma.<\/p>\n<p>A converg\u00eancia em prol do desenvolvimento de todos \u00e9 celebrada pelos outros membros do comit\u00ea gestor da Frente. Gilberto Dickel da Fontoura, da Cotrisul refor\u00e7a que \u201ca uni\u00e3o dos pilares econ\u00f4micos fortalece cada setor, individualmente\u201d. E Francisco Abascal, do Sindicato Rural de Lavras do Sul, lembra que \u201ctodos do grupo s\u00e3o componentes de grande refer\u00eancia e que, como isso, fica f\u00e1cil unirmos for\u00e7as em prol de algo comum\u201d. Os desafios do Rio Grande do Sul incluem todo o processo de reconstru\u00e7\u00e3o ap\u00f3s as enchentes que impactaram severamente mais de 80% de seus munic\u00edpios em maio de 2024. Entre eles est\u00e3o a infraestrutura vi\u00e1ria, redes de \u00e1gua, energia el\u00e9trica, telecomunica\u00e7\u00f5es, al\u00e9m de moradias e diferentes servi\u00e7os p\u00fablicos.<\/p>\n<p>\t\t\t\t\t\t\t\t\t<img loading=\"lazy\" decoding=\"async\" src=\"https:\/\/brasil61.com\/api\/v1\/serve_pixel\/17677\/78359\" alt=\"Pixel Brasil 61\" class=\"b61_pixel\" width=\"0\" height=\"0\"><\/p>\n<input type=\"hidden\" id=\"baseurl\" value=\"https:\/\/noticiasdestaque.com.br\"><input type=\"hidden\" id=\"audio_nonce\" value=\"6f73a554f1\">","protected":false},"excerpt":{"rendered":"<p>Objetivo \u00e9 fortalecer a economia local, promover qualifica\u00e7\u00e3o e inclus\u00e3o, apoiar o desenvolvimento regional sustent\u00e1vel e atrair investimentos<\/p>\n","protected":false},"author":1,"featured_media":42627,"comment_status":"open","ping_status":"open","sticky":false,"template":"","format":"standard","meta":{"fifu_image_url":"","fifu_image_alt":"","footnotes":""},"categories":[59],"tags":[],"class_list":["post-42626","post","type-post","status-publish","format-standard","has-post-thumbnail","hentry","category-economia"],"distributor_meta":false,"distributor_terms":false,"distributor_media":false,"distributor_original_site_name":"Noticias em Destaque","distributor_original_site_url":"https:\/\/noticiasdestaque.com.br","push-errors":false,"_links":{"self":[{"href":"https:\/\/noticiasdestaque.com.br\/index.php\/wp-json\/wp\/v2\/posts\/42626","targetHints":{"allow":["GET"]}}],"collection":[{"href":"https:\/\/noticiasdestaque.com.br\/index.php\/wp-json\/wp\/v2\/posts"}],"about":[{"href":"https:\/\/noticiasdestaque.com.br\/index.php\/wp-json\/wp\/v2\/types\/post"}],"author":[{"embeddable":true,"href":"https:\/\/noticiasdestaque.com.br\/index.php\/wp-json\/wp\/v2\/users\/1"}],"replies":[{"embeddable":true,"href":"https:\/\/noticiasdestaque.com.br\/index.php\/wp-json\/wp\/v2\/comments?post=42626"}],"version-history":[{"count":0,"href":"https:\/\/noticiasdestaque.com.br\/index.php\/wp-json\/wp\/v2\/posts\/42626\/revisions"}],"wp:featuredmedia":[{"embeddable":true,"href":"https:\/\/noticiasdestaque.com.br\/index.php\/wp-json\/wp\/v2\/media\/42627"}],"wp:attachment":[{"href":"https:\/\/noticiasdestaque.com.br\/index.php\/wp-json\/wp\/v2\/media?parent=42626"}],"wp:term":[{"taxonomy":"category","embeddable":true,"href":"https:\/\/noticiasdestaque.com.br\/index.php\/wp-json\/wp\/v2\/categories?post=42626"},{"taxonomy":"post_tag","embeddable":true,"href":"https:\/\/noticiasdestaque.com.br\/index.php\/wp-json\/wp\/v2\/tags?post=42626"}],"curies":[{"name":"wp","href":"https:\/\/api.w.org\/{rel}","templated":true}]}}