{"id":42608,"date":"2024-10-24T20:09:00","date_gmt":"2024-10-24T23:09:00","guid":{"rendered":"https:\/\/noticiasdestaque.com.br\/index.php\/2024\/10\/24\/para-onde-irao-os-r-100-bilhoes-do-acordo-de-mariana\/"},"modified":"2024-10-24T20:09:00","modified_gmt":"2024-10-24T23:09:00","slug":"para-onde-irao-os-r-100-bilhoes-do-acordo-de-mariana","status":"publish","type":"post","link":"https:\/\/noticiasdestaque.com.br\/index.php\/2024\/10\/24\/para-onde-irao-os-r-100-bilhoes-do-acordo-de-mariana\/","title":{"rendered":"Para onde ir\u00e3o os R$ 100 bilh\u00f5es do acordo de Mariana?"},"content":{"rendered":"<p>Os projetos socioambientais e as obras de saneamento nos estados de Minas Gerais e Esp\u00edrito Santo v\u00e3o receber a maior fatia dos R$ 100 bilh\u00f5es de dinheiro novo que est\u00e3o previstos no acordo de repara\u00e7\u00e3o dos danos do acidente de Mariana, que dever\u00e1 ser assinado no dia 25 de outubro, envolvendo o Governo Federal, os Governos dos Estados de Minas Gerais e do Esp\u00edrito Santo, os Minist\u00e9rios P\u00fablicos Federal e Estaduais e Defensorias P\u00fablicas, e demais entidades p\u00fablicas brasileiras. O acordo prev\u00ea os seguintes valores:\u00a0<\/p>\n<ul>\n<li>R$ 38 bilh\u00f5es\u00a0em valores j\u00e1 investidos em medidas de remedia\u00e7\u00e3o e compensa\u00e7\u00e3o;<\/li>\n<li>R$ 100 bilh\u00f5es\u00a0pagos em parcelas (corrigidas pelo IPCA) ao longo de 20 anos ao Governo Federal, aos Estados de Minas Gerais e Esp\u00edrito Santo e aos munic\u00edpios, para financiar programas e a\u00e7\u00f5es compensat\u00f3rias vinculadas a pol\u00edticas p\u00fablicas;<\/li>\n<li>R$ 32 bilh\u00f5es em obriga\u00e7\u00f5es de execu\u00e7\u00e3o da Samarco, incluindo iniciativas de indeniza\u00e7\u00e3o individual, reassentamento e recupera\u00e7\u00e3o ambiental.<\/li>\n<\/ul>\n<p>Dos R$ 100 bilh\u00f5es em dinheiro novo, al\u00e9m dos projetos socioambientais e saneamento nos estados, que receber\u00e3o, respectivamente, R$ 17,85 bilh\u00f5es e R$ 11 bilh\u00f5es, est\u00e3o previstos:\u00a0 R$ 8,40 bilh\u00f5es para um Fundo Perp\u00e9tuo para investimentos em sa\u00fade; R$ 8,13 bilh\u00f5es para um fundo ambiental da Uni\u00e3o; R$ 8,0 bilh\u00f5es para aux\u00edlio a ind\u00edgenas, povos e comunidades tradicionais; R$ 6,10 bilh\u00f5es para repasse aos munic\u00edpios; R$ 6,0 bilh\u00f5es para um fundo ambiental dos Estados; R$ 5,12 bilh\u00f5es para o Fundo Popular da Bacia do Rio Doce; R$ 4,60 bilh\u00f5es para rodovias; R$ 4,0 bilh\u00f5es para aux\u00edlio mensal a pescadores e agricultores atingidos; R$ 3,60 bilh\u00f5es para infraestrutura de sa\u00fade; R$ 3,0 bilh\u00f5es para revitalizar!ao de atividades agr\u00edcolas; R$ 2,50 bilh\u00f5es para um plano de reestrutura\u00e7\u00e3o da gest\u00e3o da pesca e aquicultura; R$ 2,09 bilh\u00f5es para para a\u00e7\u00f5es de educa\u00e7\u00e3o, ci\u00eancia, tecnologia e inova\u00e7\u00e3o; R$ R$ 2,0 bilh\u00f5es para a\u00e7\u00f5es de promo\u00e7\u00e3o de neg\u00f3cios geradores de emprego e renda; R$ 2,0 para um fundo contra as enchentes; R$ 1,52 bilh\u00e3o para encerramento da a\u00e7\u00e3o civil p\u00fablica de Mariana; R$ 1,0 bilh\u00e3o para aux\u00edlio \u00e0s mulheres v\u00edtimas de discrimina\u00e7\u00e3o durante o processo; R$ 1,00 bilh\u00e3o para fortalecimento da ANM; R$ 640 milh\u00f5es para o Sistema \u00danico de Assist\u00eancia Social dos Munic\u00edpios da Bacia do Rio Doce; R$ 500 milh\u00f5es para ressarcimento \u00e0 Uni\u00e3o dos gastos extraordin\u00e1rios com a Previd\u00eancia; R$ 380 milh\u00f5es para manuten\u00e7\u00e3o da assessoria t\u00e9cnica independente; al\u00e9m de outras rubricas. L<\/p>\n<p><a href=\"https:\/\/www.brasilmineral.com.br\/\">Acesse o site da revista Brasil Mineral.<\/a><\/p>\n<p>\t\t\t\t\t\t\t\t\t<img loading=\"lazy\" decoding=\"async\" src=\"https:\/\/brasil61.com\/api\/v1\/serve_pixel\/17677\/78196\" alt=\"Pixel Brasil 61\" class=\"b61_pixel\" width=\"0\" height=\"0\"><\/p>\n<input type=\"hidden\" id=\"baseurl\" value=\"https:\/\/noticiasdestaque.com.br\"><input type=\"hidden\" id=\"audio_nonce\" value=\"6f73a554f1\">","protected":false},"excerpt":{"rendered":"<p>Os projetos socioambientais e as obras de saneamento nos estados de Minas Gerais e Esp\u00edrito Santo v\u00e3o receber a maior fatia dos R$ 100 bilh\u00f5es de dinheiro novo<\/p>\n","protected":false},"author":1,"featured_media":42609,"comment_status":"open","ping_status":"open","sticky":false,"template":"","format":"standard","meta":{"fifu_image_url":"","fifu_image_alt":"","footnotes":""},"categories":[59],"tags":[],"class_list":["post-42608","post","type-post","status-publish","format-standard","has-post-thumbnail","hentry","category-economia"],"distributor_meta":false,"distributor_terms":false,"distributor_media":false,"distributor_original_site_name":"Noticias em Destaque","distributor_original_site_url":"https:\/\/noticiasdestaque.com.br","push-errors":false,"_links":{"self":[{"href":"https:\/\/noticiasdestaque.com.br\/index.php\/wp-json\/wp\/v2\/posts\/42608","targetHints":{"allow":["GET"]}}],"collection":[{"href":"https:\/\/noticiasdestaque.com.br\/index.php\/wp-json\/wp\/v2\/posts"}],"about":[{"href":"https:\/\/noticiasdestaque.com.br\/index.php\/wp-json\/wp\/v2\/types\/post"}],"author":[{"embeddable":true,"href":"https:\/\/noticiasdestaque.com.br\/index.php\/wp-json\/wp\/v2\/users\/1"}],"replies":[{"embeddable":true,"href":"https:\/\/noticiasdestaque.com.br\/index.php\/wp-json\/wp\/v2\/comments?post=42608"}],"version-history":[{"count":0,"href":"https:\/\/noticiasdestaque.com.br\/index.php\/wp-json\/wp\/v2\/posts\/42608\/revisions"}],"wp:featuredmedia":[{"embeddable":true,"href":"https:\/\/noticiasdestaque.com.br\/index.php\/wp-json\/wp\/v2\/media\/42609"}],"wp:attachment":[{"href":"https:\/\/noticiasdestaque.com.br\/index.php\/wp-json\/wp\/v2\/media?parent=42608"}],"wp:term":[{"taxonomy":"category","embeddable":true,"href":"https:\/\/noticiasdestaque.com.br\/index.php\/wp-json\/wp\/v2\/categories?post=42608"},{"taxonomy":"post_tag","embeddable":true,"href":"https:\/\/noticiasdestaque.com.br\/index.php\/wp-json\/wp\/v2\/tags?post=42608"}],"curies":[{"name":"wp","href":"https:\/\/api.w.org\/{rel}","templated":true}]}}