{"id":42588,"date":"2024-08-10T03:00:00","date_gmt":"2024-08-10T06:00:00","guid":{"rendered":"https:\/\/noticiasdestaque.com.br\/index.php\/2024\/08\/10\/historias-exportadoras-conheca-trajetoria-da-empresa-aleccra-do-ramo-de-moda-e-vestuario-que-se-destacou-com-a-moda-praia-em-santa-catarina\/"},"modified":"2024-08-10T03:00:00","modified_gmt":"2024-08-10T06:00:00","slug":"historias-exportadoras-conheca-trajetoria-da-empresa-aleccra-do-ramo-de-moda-e-vestuario-que-se-destacou-com-a-moda-praia-em-santa-catarina","status":"publish","type":"post","link":"https:\/\/noticiasdestaque.com.br\/index.php\/2024\/08\/10\/historias-exportadoras-conheca-trajetoria-da-empresa-aleccra-do-ramo-de-moda-e-vestuario-que-se-destacou-com-a-moda-praia-em-santa-catarina\/","title":{"rendered":"HIST\u00d3RIAS EXPORTADORAS: conhe\u00e7a trajet\u00f3ria da empresa Aleccra, do ramo de moda e vestu\u00e1rio, que se destacou com a moda praia em Santa Catarina"},"content":{"rendered":"<p>\t\t\t\t\t\t\t\t\t\t<audio controls class=\"b61_audio_player\" data-noticia=\"73906\" src=\"https:\/\/brasil61.com\/rails\/active_storage\/blobs\/eyJfcmFpbHMiOnsibWVzc2FnZSI6IkJBaHBBd251QWc9PSIsImV4cCI6bnVsbCwicHVyIjoiYmxvYl9pZCJ9fQ==--3624cd30e59dd89a0084f74d7ae2ba2ef4c656c9\/APEX240012A\"><\/audio><\/p>\n<p>A catarinense Sara Luvison resolveu deixar um emprego est\u00e1vel em uma multinacional para empreender. Apesar de ser formada em com\u00e9rcio exterior, foi com certa naturalidade que ela decidiu que iria abrir uma empresa no ramo de moda e vestu\u00e1rio.\u00a0<\/p>\n<p>&#8220;\u00c9 um sonho e um of\u00edcio de fam\u00edlia. Minha m\u00e3e sempre costurou, ent\u00e3o eu sempre soube fazer isso. Por mais que eu tenha estudado com\u00e9rcio exterior, era na \u00e1rea da moda que eu tinha mais facilidade em lidar, por ter crescido nesse meio. Para mim, tudo flu\u00eda mais f\u00e1cil, ent\u00e3o eu me senti mais segura em empreender nessa \u00e1rea&#8221;, conta.\u00a0<\/p>\n<p>Foi assim que, h\u00e1 treze anos, surgiu a Aleccra. Em busca de uma identidade para a marca, Sara fabricou diferentes tipos de roupa nos primeiros anos de empresa, desde blusas femininas at\u00e9 vestidos de noiva. Ela, no entanto, ainda sentia falta de um nicho que pudesse dar destaque \u00e0 empresa.\u00a0<\/p>\n<p>Moradora do litoral catarinense, ela viu na moda praia uma oportunidade de se estabelecer nesse mercado, com produtos de qualidade e sustent\u00e1veis. &#8220;Em 2017, a gente lan\u00e7ou os primeiros biqu\u00ednis. Desde ent\u00e3o, a gente \u00e9 Aleccra Beachwear. Na moda praia, consegui minha excel\u00eancia no produto&#8221;, diz.\u00a0<\/p>\n<h2>Exporta\u00e7\u00e3o como estrat\u00e9gia de neg\u00f3cio<\/h2>\n<p>Conhecida pela moda praia, a empres\u00e1ria percebeu que teria dificuldades para manter a produ\u00e7\u00e3o no mesmo ritmo durante o inverno brasileiro. Exportar para outros pa\u00edses, especialmente os do Hemisf\u00e9rio Norte, passou a ser um alvo estrat\u00e9gico da Aleccra.\u00a0<\/p>\n<p>&#8220;Para que n\u00e3o me falte produ\u00e7\u00e3o, eu tenho forte essa necessidade de internacionalizar, porque a esta\u00e7\u00e3o \u00e9 trocada l\u00e1 em cima. Eu posso vender, no inverno [brasileiro], o beachwear l\u00e1 nos pa\u00edses do norte, eu consigo manter esse equil\u00edbrio na minha empresa&#8221;, revela.\u00a0<\/p>\n<p>Em busca da internacionaliza\u00e7\u00e3o do neg\u00f3cio, Sara conheceu o Programa de Qualifica\u00e7\u00e3o para Exporta\u00e7\u00e3o (Peiex) da Ag\u00eancia Brasileira de Promo\u00e7\u00e3o de Exporta\u00e7\u00f5es e Investimentos (ApexBrasil). A iniciativa visa capacitar empres\u00e1rios brasileiros para as exporta\u00e7\u00f5es.\u00a0<\/p>\n<p>Ela conta que participar do Peiex foi importante para aprender o funcionamento do com\u00e9rcio exterior. &#8220;Foi muito bom. Nesse treinamento, o t\u00e9cnico, que vinha uma vez por semana na minha empresa me treinar, me passou como que eu vejo mercado, coisas de c\u00e2mbio, umas coisas que eu j\u00e1 conhecia devido \u00e0 minha gradua\u00e7\u00e3o. Ele me deu uma aula da parte burocr\u00e1tica, de como faz pra exportar, e me deu bastante confian\u00e7a para eu entender que a minha empresa tem essa capacidade&#8221;, lembra.\u00a0<\/p>\n<h2>EUA<\/h2>\n<p>Sara Luvison conta que fez uma pesquisa de mercado e constatou que o estado da Fl\u00f3rida, nos Estados Unidos da Am\u00e9rica, \u00e9 o mercado que ela deseja alcan\u00e7ar. Al\u00e9m disso, ela explica que a mentora dela trabalha com vendas nesse local, trazendo mais confian\u00e7a para a Aleccra Beachwear.\u00a0<\/p>\n<p>&#8220;As pessoas, principalmente dos Estados Unidos, querem um produto com qualidade, conforto e originalidade. E \u00e9 o que estamos trazendo para nossos clientes. Com o biqu\u00edni brasileiro elas se sentem bonitas e atraentes. Estamos felizes de estar proporcionando isso e conseguindo&#8221;, ressalta.<\/p>\n<p>Ela explica que tamb\u00e9m est\u00e1 procurando aprimorar o neg\u00f3cio, como deixar o website totalmente em ingl\u00eas e alterar as pol\u00edticas. Al\u00e9m do Peiex, Sara participa de outro Programa da ApexBrasil, o Elas Exportam, e quando concluir mais esta capacita\u00e7\u00e3o, a expectativa \u00e9 de que tudo esteja pronto para atender os clientes do exterior.<\/p>\n<h2>Elas Exportam<\/h2>\n<p>O Elas Exportam \u00e9 um programa promovido pela Ag\u00eancia Brasileira de Promo\u00e7\u00e3o de Exporta\u00e7\u00f5es e Investimentos (ApexBrasil) em parceria com o Minist\u00e9rio do Desenvolvimento, Ind\u00fastria, Com\u00e9rcio e Servi\u00e7os (MDIC).<\/p>\n<p><a href=\"https:\/\/brasil61.com\/n\/historias-exportadoras-conheca-a-trajetoria-de-empresa-do-interior-de-sp-que-ja-exporta-acai-para-mais-de-20-paises-apex240011\" target=\"_blank\">HIST\u00d3RIAS EXPORTADORAS: conhe\u00e7a a trajet\u00f3ria de empresa do interior de SP que j\u00e1 exporta a\u00e7a\u00ed para mais de 20 pa\u00edses<\/a><\/p>\n<p><a href=\"https:\/\/brasil61.com\/n\/historias-exportadoras-conheca-a-trajetoria-de-produtor-de-cachaca-artesanal-do-tocantins-que-se-prepara-para-exportar-apex240005\" target=\"_blank\">HIST\u00d3RIAS EXPORTADORAS: conhe\u00e7a a trajet\u00f3ria de produtor de cacha\u00e7a artesanal do Tocantins que se prepara para exportar<\/a><\/p>\n<p>A iniciativa visa conectar empres\u00e1rias experientes em com\u00e9rcio exterior com empreendedoras que desejam iniciar as atividades de exporta\u00e7\u00e3o, proporcionando mentorias. A proposta \u00e9 que as participantes aprendam com a viv\u00eancia de quem j\u00e1 trilhou esse caminho.<\/p>\n<p>Gostou da hist\u00f3ria da Sara Luvison, da Aleccra? Fique ligado para mais mat\u00e9rias da s\u00e9rie Hist\u00f3rias Exportadoras! S\u00e3o casos inspiradores de empreendedores que conquistaram o mundo com o apoio da ApexBrasil.<\/p>\n<p>Para mais informa\u00e7\u00f5es sobre o Elas Exportam, clique <a href=\"https:\/\/www.gov.br\/mdic\/pt-br\/assuntos\/comercio-exterior\/dpfac\/promocao-das-exportacoes-e-cultura-exportadora\/elas-exportam\">aqui<\/a>. Se quiser saber mais sobre outros programas da Ag\u00eancia Brasileira de Promo\u00e7\u00e3o de Exporta\u00e7\u00f5es e Investimentos, acesse <a href=\"http:\/\/www.apexbrasil.com.br.\u00a0\">www.apexbrasil.com.br.\u00a0<\/a><\/p>\n<p>\t\t\t\t\t\t\t\t\t<img loading=\"lazy\" decoding=\"async\" src=\"https:\/\/brasil61.com\/api\/v1\/serve_pixel\/17677\/73906\" alt=\"Pixel Brasil 61\" class=\"b61_pixel\" width=\"0\" height=\"0\"><\/p>\n<input type=\"hidden\" id=\"baseurl\" value=\"https:\/\/noticiasdestaque.com.br\"><input type=\"hidden\" id=\"audio_nonce\" value=\"6a24ca502e\">","protected":false},"excerpt":{"rendered":"<p>Com apoio da ApexBrasil, a empreendedora Sara Luvison planeja exportar seus produtos para outros pa\u00edses, especialmente os do Hemisf\u00e9rio Norte<\/p>\n","protected":false},"author":1,"featured_media":42589,"comment_status":"open","ping_status":"open","sticky":false,"template":"","format":"standard","meta":{"fifu_image_url":"","fifu_image_alt":"","footnotes":""},"categories":[59],"tags":[],"class_list":["post-42588","post","type-post","status-publish","format-standard","has-post-thumbnail","hentry","category-economia"],"distributor_meta":false,"distributor_terms":false,"distributor_media":false,"distributor_original_site_name":"Noticias em Destaque","distributor_original_site_url":"https:\/\/noticiasdestaque.com.br","push-errors":false,"_links":{"self":[{"href":"https:\/\/noticiasdestaque.com.br\/index.php\/wp-json\/wp\/v2\/posts\/42588","targetHints":{"allow":["GET"]}}],"collection":[{"href":"https:\/\/noticiasdestaque.com.br\/index.php\/wp-json\/wp\/v2\/posts"}],"about":[{"href":"https:\/\/noticiasdestaque.com.br\/index.php\/wp-json\/wp\/v2\/types\/post"}],"author":[{"embeddable":true,"href":"https:\/\/noticiasdestaque.com.br\/index.php\/wp-json\/wp\/v2\/users\/1"}],"replies":[{"embeddable":true,"href":"https:\/\/noticiasdestaque.com.br\/index.php\/wp-json\/wp\/v2\/comments?post=42588"}],"version-history":[{"count":0,"href":"https:\/\/noticiasdestaque.com.br\/index.php\/wp-json\/wp\/v2\/posts\/42588\/revisions"}],"wp:featuredmedia":[{"embeddable":true,"href":"https:\/\/noticiasdestaque.com.br\/index.php\/wp-json\/wp\/v2\/media\/42589"}],"wp:attachment":[{"href":"https:\/\/noticiasdestaque.com.br\/index.php\/wp-json\/wp\/v2\/media?parent=42588"}],"wp:term":[{"taxonomy":"category","embeddable":true,"href":"https:\/\/noticiasdestaque.com.br\/index.php\/wp-json\/wp\/v2\/categories?post=42588"},{"taxonomy":"post_tag","embeddable":true,"href":"https:\/\/noticiasdestaque.com.br\/index.php\/wp-json\/wp\/v2\/tags?post=42588"}],"curies":[{"name":"wp","href":"https:\/\/api.w.org\/{rel}","templated":true}]}}