{"id":42543,"date":"2024-09-12T18:09:00","date_gmt":"2024-09-12T21:09:00","guid":{"rendered":"https:\/\/noticiasdestaque.com.br\/index.php\/2024\/09\/12\/exposibram-ibram-lanca-guia-de-eficiencia-energetica\/"},"modified":"2024-09-12T18:09:00","modified_gmt":"2024-09-12T21:09:00","slug":"exposibram-ibram-lanca-guia-de-eficiencia-energetica","status":"publish","type":"post","link":"https:\/\/noticiasdestaque.com.br\/index.php\/2024\/09\/12\/exposibram-ibram-lanca-guia-de-eficiencia-energetica\/","title":{"rendered":"Exposibram: IBRAM lan\u00e7a Guia de Efici\u00eancia Energ\u00e9tica"},"content":{"rendered":"<p>O IBRAM lan\u00e7ou, durante a <a href=\"https:\/\/exposibram2024.ibram.org.br\/noticias\/\">EXPOSIBRAM 2024,<\/a> a primeira edi\u00e7\u00e3o do <a href=\"https:\/\/ibram.org.br\/wp-content\/uploads\/2024\/09\/IBRAM_Guia-Eficiencia-Energetica.pdf\">Guia de Efici\u00eancia Energ\u00e9tica IBRAM<\/a>. A publica\u00e7\u00e3o visa consolidar a agenda ESG da Minera\u00e7\u00e3o do Brasil, com base na sustentabilidade, na seguran\u00e7a, na responsabilidade e na \u00e9tica das opera\u00e7\u00f5es minerais. O guia j\u00e1 est\u00e1 dispon\u00edvel no site do IBRAM.<\/p>\n<p>A publica\u00e7\u00e3o destaca o eixo energia e a gerente de Assuntos Miner\u00e1rios do IBRAM, Aline Leite Nunes, destacou os caminhos tomados para a constru\u00e7\u00e3o do guia. \u201cNos \u00faltimos anos, o clima sofreu mudan\u00e7as relacionadas a eventos da pr\u00f3pria natureza. Por isso, temos que nos tornar resistentes. Mas como fazer isso? A efici\u00eancia energ\u00e9tica \u00e9 um dos caminhos. Para a constru\u00e7\u00e3o desse plano, pensou-se em como promover a efici\u00eancia energ\u00e9tica. Portanto, a constru\u00e7\u00e3o do guia visa levar para as pequenas, m\u00e9dias e grandes empresas de minera\u00e7\u00e3o essas solu\u00e7\u00f5es\u201d, afirmou, acrescentando que o processo para a elabora\u00e7\u00e3o do Guia contou com apoio da Grid Energia.<\/p>\n<p>O guia apresenta uma s\u00e9rie de melhorias dos processos produtivos e da efici\u00eancia de equipamentos, al\u00e9m de incentivar a ado\u00e7\u00e3o de pr\u00e1ticas e tecnologias inovadoras, fortalecendo o compromisso com a sustentabilidade ambiental, social e econ\u00f4mica. \u201cProcuramos ter uma vis\u00e3o de um voo de helic\u00f3ptero da efici\u00eancia energ\u00e9tica no Brasil. Depois, descemos e observamos a efici\u00eancia energ\u00e9tica na minera\u00e7\u00e3o. Temos tamb\u00e9m conceitos, gest\u00e3o de rotina, diagn\u00f3sticos energ\u00e9ticos, medi\u00e7\u00e3o e verifica\u00e7\u00e3o, que s\u00e3o muito importantes para obten\u00e7\u00e3o de resultado\u201d, comentou o consultor s\u00eanior para Efici\u00eancia e Transi\u00e7\u00e3o Energ\u00e9tica da Grid Energia, Sergio Grassi Ferreira Marques.\u00a0<\/p>\n<p>\u201cDepois da vis\u00e3o de helic\u00f3ptero sobre cen\u00e1rios de minera\u00e7\u00e3o, o guia traz um contexto geral sobre projetos. E uma coisa muito importante de destacar \u00e9 que ele apresenta a parte t\u00e9cnica, mas tamb\u00e9m a social, porque n\u00e3o \u00e9 somente para engenheiros, mas para todos. Tamb\u00e9m optamos por colocar no guia tr\u00eas cases relacionado \u00e0 cultura da empresa, energia el\u00e9trica e transporte\u201d, afirma o mestre em engenharia, S\u00e9rgio Ricardo Dieguez Couto, especialista no PEE da ANEEL.<\/p>\n<p>J\u00e1 o diretor Executivo da Grid Energia e professor da Funda\u00e7\u00e3o Dom Cabral, Stefano Angioletti, ressaltou o fato de o guia ser acess\u00edvel para todos. \u201cEste \u00e9 um guia de celular, porque \u00e9 para n\u00e3o sair da nossa m\u00e3o. A efici\u00eancia energ\u00e9tica n\u00e3o \u00e9 um caminho f\u00e1cil, mas tivemos o compromisso de que todos possam acess\u00e1-lo. \u00c9 o in\u00edcio de um trabalho sobre todos os planos do Brasil, ele serve de apoio para conseguirmos nos desenvolver\u201d, concluiu.<\/p>\n<p>\t\t\t\t\t\t\t\t\t<img loading=\"lazy\" decoding=\"async\" src=\"https:\/\/brasil61.com\/api\/v1\/serve_pixel\/17677\/76780\" alt=\"Pixel Brasil 61\" class=\"b61_pixel\" width=\"0\" height=\"0\"><\/p>\n<input type=\"hidden\" id=\"baseurl\" value=\"https:\/\/noticiasdestaque.com.br\"><input type=\"hidden\" id=\"audio_nonce\" value=\"6a24ca502e\">","protected":false},"excerpt":{"rendered":"<p>A publica\u00e7\u00e3o visa consolidar a agenda ESG da Minera\u00e7\u00e3o do Brasil, com base na sustentabilidade, na seguran\u00e7a, na responsabilidade e na \u00e9tica das opera\u00e7\u00f5es minerais.<\/p>\n","protected":false},"author":1,"featured_media":42544,"comment_status":"open","ping_status":"open","sticky":false,"template":"","format":"standard","meta":{"fifu_image_url":"","fifu_image_alt":"","footnotes":""},"categories":[59],"tags":[],"class_list":["post-42543","post","type-post","status-publish","format-standard","has-post-thumbnail","hentry","category-economia"],"distributor_meta":false,"distributor_terms":false,"distributor_media":false,"distributor_original_site_name":"Noticias em Destaque","distributor_original_site_url":"https:\/\/noticiasdestaque.com.br","push-errors":false,"_links":{"self":[{"href":"https:\/\/noticiasdestaque.com.br\/index.php\/wp-json\/wp\/v2\/posts\/42543","targetHints":{"allow":["GET"]}}],"collection":[{"href":"https:\/\/noticiasdestaque.com.br\/index.php\/wp-json\/wp\/v2\/posts"}],"about":[{"href":"https:\/\/noticiasdestaque.com.br\/index.php\/wp-json\/wp\/v2\/types\/post"}],"author":[{"embeddable":true,"href":"https:\/\/noticiasdestaque.com.br\/index.php\/wp-json\/wp\/v2\/users\/1"}],"replies":[{"embeddable":true,"href":"https:\/\/noticiasdestaque.com.br\/index.php\/wp-json\/wp\/v2\/comments?post=42543"}],"version-history":[{"count":0,"href":"https:\/\/noticiasdestaque.com.br\/index.php\/wp-json\/wp\/v2\/posts\/42543\/revisions"}],"wp:featuredmedia":[{"embeddable":true,"href":"https:\/\/noticiasdestaque.com.br\/index.php\/wp-json\/wp\/v2\/media\/42544"}],"wp:attachment":[{"href":"https:\/\/noticiasdestaque.com.br\/index.php\/wp-json\/wp\/v2\/media?parent=42543"}],"wp:term":[{"taxonomy":"category","embeddable":true,"href":"https:\/\/noticiasdestaque.com.br\/index.php\/wp-json\/wp\/v2\/categories?post=42543"},{"taxonomy":"post_tag","embeddable":true,"href":"https:\/\/noticiasdestaque.com.br\/index.php\/wp-json\/wp\/v2\/tags?post=42543"}],"curies":[{"name":"wp","href":"https:\/\/api.w.org\/{rel}","templated":true}]}}