{"id":42541,"date":"2024-09-12T18:03:00","date_gmt":"2024-09-12T21:03:00","guid":{"rendered":"https:\/\/noticiasdestaque.com.br\/index.php\/2024\/09\/12\/veiculos-eletricos-o-brasil-nao-pode-ser-um-mero-exportador-de-materias-primas\/"},"modified":"2024-09-12T18:03:00","modified_gmt":"2024-09-12T21:03:00","slug":"veiculos-eletricos-o-brasil-nao-pode-ser-um-mero-exportador-de-materias-primas","status":"publish","type":"post","link":"https:\/\/noticiasdestaque.com.br\/index.php\/2024\/09\/12\/veiculos-eletricos-o-brasil-nao-pode-ser-um-mero-exportador-de-materias-primas\/","title":{"rendered":"Ve\u00edculos el\u00e9tricos: \u201cO Brasil n\u00e3o pode ser um mero exportador de mat\u00e9rias primas\u201d"},"content":{"rendered":"<p>Para atender \u00e0 demanda do mercado de ve\u00edculos el\u00e9tricos e h\u00edbridos, o Brasil ter\u00e1 que instalar uma f\u00e1brica de baterias que, em raz\u00e3o do seu custo \u2013 da ordem de bilh\u00f5es de d\u00f3lares \u2013 dever\u00e1 ser implantada por um pool de empresas ou por uma companhia que tenha suporte dos fabricantes de ve\u00edculos. Foi o que prop\u00f4s o presidente da <a href=\"https:\/\/anfavea.com.br\/site\/\">Anfavea <\/a>(Associa\u00e7\u00e3o Nacional dos Fabricantes de Ve\u00edculos Automotores), M\u00e1rcio de Lima Leite, durante painel na <a href=\"https:\/\/exposibram2024.ibram.org.br\/noticias\/\">Exposibram 2024 <\/a>que discutiu as Demandas da Ind\u00fastria Automobil\u00edstica para a Minera\u00e7\u00e3o.\u00a0<\/p>\n<p>O painel contou tamb\u00e9m com a participa\u00e7\u00e3o de Jo\u00e3o Irineu Medeiros (vice-presidente de Assuntos Regulat\u00f3rios da Stelantis), Wilson Ragusa (gerente de Vendas Especiais na Volkswagen Caminh\u00f5es), Amanda Machado (diretora de Minera\u00e7\u00e3o, Novos Neg\u00f3cios e Licita\u00e7\u00f5es na XCMG), que atuaram sob a modera\u00e7\u00e3o de M\u00e1rcio Goto (gerente regional da Project Blue).\u00a0<\/p>\n<p>Na vis\u00e3o do dirigente da Anfavea, n\u00e3o existe demanda para v\u00e1rias f\u00e1bricas de baterias no Pa\u00eds e nem faz sentido, em fun\u00e7\u00e3o do alto custo para se implantar uma unidade.\u00a0<\/p>\n<p>Segundo M\u00e1rcio Goto, ficou claro durante o painel que a quest\u00e3o da demanda de minerais que s\u00e3o considerados essenciais para a eletrifica\u00e7\u00e3o de ve\u00edculos, como l\u00edtio, terras raras e outros, \u00e9 algo sobre o qual n\u00e3o se tem ainda muita certeza. H\u00e1 v\u00e1rias proje\u00e7\u00f5es, mas nenhuma certeza quanto aos quantitativos e os prazos em que essa demanda vai se acirrar.\u00a0<\/p>\n<p>No caso do Brasil, existe ainda d\u00favida se o ve\u00edculo el\u00e9trico vai realmente se massificar, tendo em vista a disponibilidade de etanol, que \u00e9 considerada uma matriz energ\u00e9tica renov\u00e1vel e tem pouco peso nas emiss\u00f5es de carbono. Em raz\u00e3o disso, a aposta de alguns fabricantes \u00e9 de que o Brasil deve adotar mais o modelo h\u00edbrido.\u00a0<\/p>\n<p>Na vis\u00e3o dos painelistas, segundo M\u00e1rcio Goto, n\u00e3o existe nenhum esfor\u00e7o por parte do governo ou de uma associa\u00e7\u00e3o da cadeia produtiva para se ter uma f\u00e1brica de baterias no Brasil e, portanto, n\u00e3o se completa a cadeia. O Pa\u00eds pode produzir l\u00edtio, grafita, cobalto, n\u00edquel, mangan\u00eas, mas o consumidor intermedi\u00e1rio, que \u00e9 o fabricante de baterias, fica na China, nos EUA ou na Europa.\u00a0<\/p>\n<p>\u201cEnt\u00e3o, no fim o Brasil acaba tendo que exportar a mat\u00e9ria prima e depois importar a c\u00e9lula ou a pr\u00f3pria bateria\u201d, diz o moderador do painel, observando, no entanto, que existem conversas entre a XCMG e a BYD sobre a possibilidade de se ter uma f\u00e1brica de baterias por aqui. Mas para isso precisa haver tamb\u00e9m produ\u00e7\u00e3o local dos produtos intermedi\u00e1rios que s\u00e3o usados na produ\u00e7\u00e3o da c\u00e9lula. Neste sentido, ele aponta que a CBMM avan\u00e7ou na produ\u00e7\u00e3o do \u00f3xido de ni\u00f3bio, a CBL j\u00e1 produz carbonato de l\u00edtio h\u00e1 algum tempo \u2013 ainda que em pequena escala \u2013 mas ainda h\u00e1 muito por se fazer nesse sentido.\u00a0<\/p>\n<p>M\u00e1rcio Goto tamb\u00e9m aponta que, em se tratando de ind\u00fastria automobil\u00edstica, \u00e9 muito dif\u00edcil o desenvolvimento sem que haja incentivos por parte do governo, como ocorre no mundo inteiro. \u201cE isto \u00e9 justific\u00e1vel, porque \u00e9 uma ind\u00fastria de cadeia comprida e at\u00e9 certo ponto estrat\u00e9gica, j\u00e1 que \u00e9 interessante se ter montadoras de ve\u00edculos el\u00e9tricos dentro do pr\u00f3prio pa\u00eds, como ocorre com os ve\u00edculos a combust\u00e3o\u201d, diz ele.\u00a0<\/p>\n<p>\t\t\t\t\t\t\t\t\t<img loading=\"lazy\" decoding=\"async\" src=\"https:\/\/brasil61.com\/api\/v1\/serve_pixel\/17677\/76779\" alt=\"Pixel Brasil 61\" class=\"b61_pixel\" width=\"0\" height=\"0\"><\/p>\n<input type=\"hidden\" id=\"baseurl\" value=\"https:\/\/noticiasdestaque.com.br\"><input type=\"hidden\" id=\"audio_nonce\" value=\"6a24ca502e\">","protected":false},"excerpt":{"rendered":"<p>Na vis\u00e3o dos painelistas, segundo M\u00e1rcio Goto, n\u00e3o existe nenhum esfor\u00e7o por parte do governo ou de uma associa\u00e7\u00e3o da cadeia produtiva para se ter uma f\u00e1brica de baterias no Brasil.<\/p>\n","protected":false},"author":1,"featured_media":42542,"comment_status":"open","ping_status":"open","sticky":false,"template":"","format":"standard","meta":{"fifu_image_url":"","fifu_image_alt":"","footnotes":""},"categories":[59],"tags":[],"class_list":["post-42541","post","type-post","status-publish","format-standard","has-post-thumbnail","hentry","category-economia"],"distributor_meta":false,"distributor_terms":false,"distributor_media":false,"distributor_original_site_name":"Noticias em Destaque","distributor_original_site_url":"https:\/\/noticiasdestaque.com.br","push-errors":false,"_links":{"self":[{"href":"https:\/\/noticiasdestaque.com.br\/index.php\/wp-json\/wp\/v2\/posts\/42541","targetHints":{"allow":["GET"]}}],"collection":[{"href":"https:\/\/noticiasdestaque.com.br\/index.php\/wp-json\/wp\/v2\/posts"}],"about":[{"href":"https:\/\/noticiasdestaque.com.br\/index.php\/wp-json\/wp\/v2\/types\/post"}],"author":[{"embeddable":true,"href":"https:\/\/noticiasdestaque.com.br\/index.php\/wp-json\/wp\/v2\/users\/1"}],"replies":[{"embeddable":true,"href":"https:\/\/noticiasdestaque.com.br\/index.php\/wp-json\/wp\/v2\/comments?post=42541"}],"version-history":[{"count":0,"href":"https:\/\/noticiasdestaque.com.br\/index.php\/wp-json\/wp\/v2\/posts\/42541\/revisions"}],"wp:featuredmedia":[{"embeddable":true,"href":"https:\/\/noticiasdestaque.com.br\/index.php\/wp-json\/wp\/v2\/media\/42542"}],"wp:attachment":[{"href":"https:\/\/noticiasdestaque.com.br\/index.php\/wp-json\/wp\/v2\/media?parent=42541"}],"wp:term":[{"taxonomy":"category","embeddable":true,"href":"https:\/\/noticiasdestaque.com.br\/index.php\/wp-json\/wp\/v2\/categories?post=42541"},{"taxonomy":"post_tag","embeddable":true,"href":"https:\/\/noticiasdestaque.com.br\/index.php\/wp-json\/wp\/v2\/tags?post=42541"}],"curies":[{"name":"wp","href":"https:\/\/api.w.org\/{rel}","templated":true}]}}