{"id":42533,"date":"2024-09-11T16:11:00","date_gmt":"2024-09-11T19:11:00","guid":{"rendered":"https:\/\/noticiasdestaque.com.br\/index.php\/2024\/09\/11\/exposibram-expansao-da-oferta-de-minerais-garante-maior-seguranca\/"},"modified":"2024-09-11T16:11:00","modified_gmt":"2024-09-11T19:11:00","slug":"exposibram-expansao-da-oferta-de-minerais-garante-maior-seguranca","status":"publish","type":"post","link":"https:\/\/noticiasdestaque.com.br\/index.php\/2024\/09\/11\/exposibram-expansao-da-oferta-de-minerais-garante-maior-seguranca\/","title":{"rendered":"Exposibram: Expans\u00e3o da oferta de minerais garante maior seguran\u00e7a"},"content":{"rendered":"<p>No segundo dia da EXPOSIBRAM 2024 ocorreu o painel \u201cSeguran\u00e7a Mineral, Seguran\u00e7a Energ\u00e9tica, Seguran\u00e7a Alimentar e Seguran\u00e7a H\u00eddrica\u201d entre empres\u00e1rios, especialistas e o diretor-presidente do IBRAM, Raul Jungmann, para debater a seguran\u00e7a mineral no Brasil, uma vez que o Pa\u00eds tem uma oferta perene de min\u00e9rios de modo a atender as proje\u00e7\u00f5es de crescimento de demanda. A oferta de min\u00e9rios \u00e9 primordial para desenvolver tecnologias e equipamentos para a cria\u00e7\u00e3o de novas fontes de energia renov\u00e1vel, para proporcionar a transi\u00e7\u00e3o a uma economia de baixo carbono e aumentar a produtividade agr\u00edcola, por meio dos min\u00e9rios utilizados na composi\u00e7\u00e3o de fertilizantes, caso do pot\u00e1ssio e do fosfato. Com os efeitos positivos da descarboniza\u00e7\u00e3o, que come\u00e7a com os min\u00e9rios, a proje\u00e7\u00e3o \u00e9 que as crises clim\u00e1tica e h\u00eddrica, que afetam o Brasil e o mundo, possam ser amenizadas.<\/p>\n<p>Segundo Jungmann \u00e9 primordial aumentar a produ\u00e7\u00e3o de min\u00e9rios cr\u00edticos e estrat\u00e9gicos para a transi\u00e7\u00e3o energ\u00e9tica e para a produ\u00e7\u00e3o de fertilizantes. \u201cO setor financeiro, segundo dados da Febraban, direciona apenas 0,9% dos R$ 2,1 trilh\u00f5es que aporta na iniciativa privada do Pa\u00eds. S\u00f3 que a minera\u00e7\u00e3o \u00e9 um dos setores econ\u00f4micos mais importantes, responde por mais de 30% do saldo da balan\u00e7a comercial, atrai investimentos bilion\u00e1rios para o pa\u00eds e arrecada muitos tributos. N\u00e3o me parece equilibrada esta rela\u00e7\u00e3o\u201d, avaliou. A ex-senadora e ex-ministra K\u00e1tia Abreu defende que o Estado brasileiro adote estrat\u00e9gias para expandir a minera\u00e7\u00e3o, similares \u00e0s implantadas na d\u00e9cada de 1970, voltadas a tornar o pa\u00eds autossuficiente na produ\u00e7\u00e3o de alimentos. At\u00e9 ent\u00e3o, o Brasil era muito dependente da importa\u00e7\u00e3o de v\u00e1rios produtos alimentares, como arroz e feij\u00e3o, lembrou. Tamb\u00e9m participaram do painel Ana Carolina Argolo, diretora da Ag\u00eancia Nacional de \u00c1guas, Karina Gistenlic, presidente das Opera\u00e7\u00f5es de Pot\u00e1ssio da mineradora BHP e David Zylbersztajn, integrante do Instituto de Energia \u2013 PUC Rio e executivo na DZ Neg\u00f3cios com Energia.<\/p>\n<p>Para Karina Gistenlic, da BHP, o Brasil tem reservas que podem torn\u00e1-lo autossuficiente na produ\u00e7\u00e3o de pot\u00e1ssio e fosfato, al\u00e9m de nitratos. Mas encontra diversos obst\u00e1culos, como falta de seguran\u00e7a jur\u00eddica, morosidade e burocracia excessivas para licenciamentos ambientais de projetos, enquanto David Zylbersztajn disse que a ind\u00fastria da minera\u00e7\u00e3o brasileira tem oportunidade de expandir a produ\u00e7\u00e3o visando o desenvolvimento de armazenamento de energia, via baterias, por exemplo, j\u00e1 que o esperado crescimento da demanda por energia ir\u00e1 exigir este estoque, o que depende essencialmente da oferta de minerais cr\u00edticos e estrat\u00e9gicos, como n\u00edquel, l\u00edtio, ni\u00f3bio, entre outros.<\/p>\n<p>\t\t\t\t\t\t\t\t\t<img loading=\"lazy\" decoding=\"async\" src=\"https:\/\/brasil61.com\/api\/v1\/serve_pixel\/17677\/76550\" alt=\"Pixel Brasil 61\" class=\"b61_pixel\" width=\"0\" height=\"0\"><\/p>\n<input type=\"hidden\" id=\"baseurl\" value=\"https:\/\/noticiasdestaque.com.br\"><input type=\"hidden\" id=\"audio_nonce\" value=\"6f73a554f1\">","protected":false},"excerpt":{"rendered":"<p>Com os efeitos positivos da descarboniza\u00e7\u00e3o, que come\u00e7a com os min\u00e9rios, a proje\u00e7\u00e3o \u00e9 que as crises clim\u00e1tica e h\u00eddrica, que afetam o Brasil e o mundo, possam ser amenizadas.<\/p>\n","protected":false},"author":1,"featured_media":42534,"comment_status":"open","ping_status":"open","sticky":false,"template":"","format":"standard","meta":{"fifu_image_url":"","fifu_image_alt":"","footnotes":""},"categories":[59],"tags":[],"class_list":["post-42533","post","type-post","status-publish","format-standard","has-post-thumbnail","hentry","category-economia"],"distributor_meta":false,"distributor_terms":false,"distributor_media":false,"distributor_original_site_name":"Noticias em Destaque","distributor_original_site_url":"https:\/\/noticiasdestaque.com.br","push-errors":false,"_links":{"self":[{"href":"https:\/\/noticiasdestaque.com.br\/index.php\/wp-json\/wp\/v2\/posts\/42533","targetHints":{"allow":["GET"]}}],"collection":[{"href":"https:\/\/noticiasdestaque.com.br\/index.php\/wp-json\/wp\/v2\/posts"}],"about":[{"href":"https:\/\/noticiasdestaque.com.br\/index.php\/wp-json\/wp\/v2\/types\/post"}],"author":[{"embeddable":true,"href":"https:\/\/noticiasdestaque.com.br\/index.php\/wp-json\/wp\/v2\/users\/1"}],"replies":[{"embeddable":true,"href":"https:\/\/noticiasdestaque.com.br\/index.php\/wp-json\/wp\/v2\/comments?post=42533"}],"version-history":[{"count":0,"href":"https:\/\/noticiasdestaque.com.br\/index.php\/wp-json\/wp\/v2\/posts\/42533\/revisions"}],"wp:featuredmedia":[{"embeddable":true,"href":"https:\/\/noticiasdestaque.com.br\/index.php\/wp-json\/wp\/v2\/media\/42534"}],"wp:attachment":[{"href":"https:\/\/noticiasdestaque.com.br\/index.php\/wp-json\/wp\/v2\/media?parent=42533"}],"wp:term":[{"taxonomy":"category","embeddable":true,"href":"https:\/\/noticiasdestaque.com.br\/index.php\/wp-json\/wp\/v2\/categories?post=42533"},{"taxonomy":"post_tag","embeddable":true,"href":"https:\/\/noticiasdestaque.com.br\/index.php\/wp-json\/wp\/v2\/tags?post=42533"}],"curies":[{"name":"wp","href":"https:\/\/api.w.org\/{rel}","templated":true}]}}