{"id":42514,"date":"2024-08-27T09:00:00","date_gmt":"2024-08-27T12:00:00","guid":{"rendered":"https:\/\/noticiasdestaque.com.br\/index.php\/2024\/08\/27\/agera-da-vale-atinge-1-milhao-de-toneladas-vendidas-desde-2023\/"},"modified":"2024-08-27T09:00:00","modified_gmt":"2024-08-27T12:00:00","slug":"agera-da-vale-atinge-1-milhao-de-toneladas-vendidas-desde-2023","status":"publish","type":"post","link":"https:\/\/noticiasdestaque.com.br\/index.php\/2024\/08\/27\/agera-da-vale-atinge-1-milhao-de-toneladas-vendidas-desde-2023\/","title":{"rendered":"Agera, da Vale, atinge 1 milh\u00e3o de toneladas vendidas desde 2023"},"content":{"rendered":"<p>Empresa criada pela Vale, a Agera atingiu a marca de 1 milh\u00e3o de toneladas de areia sustent\u00e1vel comercializada desde que come\u00e7ou a operar, em 2023. A areia sustent\u00e1vel \u00e9 resultado de pesquisa da mineradora em tecnologia e inova\u00e7\u00e3o para fomentar a economia circular nas minas de min\u00e9rio de ferro da Vale no Estado de Minas Gerais.\u00a0<\/p>\n<p>O produto \u00e9 fabricado a partir do reaproveitamento de rejeitos e reduz a disposi\u00e7\u00e3o em barragens e pilhas. O material tem ampla aplica\u00e7\u00e3o no setor de constru\u00e7\u00e3o civil e em projetos de pavimenta\u00e7\u00e3o rodovi\u00e1ria, al\u00e9m de ser uma alternativa ao uso da areia natural. Em menos de dois anos, a Agera aumentou o volume de vendas do produto de 30 mil toneladas para 110 mil toneladas mensais.\u00a0<\/p>\n<p>A expectativa \u00e9 dobrar este volume at\u00e9 2025, chegando-se \u00e0 capacidade de comercializa\u00e7\u00e3o de 2,8 milh\u00f5es de toneladas anuais. Atualmente, a Agera possui 80 clientes em Minas Gerais, Esp\u00edrito Santo, Distrito Federal e S\u00e3o Paulo. Para escoamento da areia sustent\u00e1vel, a Agera mant\u00e9m sete centros de distribui\u00e7\u00e3o e contrato com 18 fornecedores de transporte rodovi\u00e1rio e ferrovi\u00e1rio.<\/p>\n<p>\t\t\t\t\t\t\t\t\t<img loading=\"lazy\" decoding=\"async\" src=\"https:\/\/brasil61.com\/api\/v1\/serve_pixel\/17677\/74828\" alt=\"Pixel Brasil 61\" class=\"b61_pixel\" width=\"0\" height=\"0\"><\/p>\n<input type=\"hidden\" id=\"baseurl\" value=\"https:\/\/noticiasdestaque.com.br\"><input type=\"hidden\" id=\"audio_nonce\" value=\"6a24ca502e\">","protected":false},"excerpt":{"rendered":"<p>A expectativa \u00e9 dobrar este volume at\u00e9 2025, chegando-se \u00e0 capacidade de comercializa\u00e7\u00e3o de 2,8 milh\u00f5es de toneladas anuais<\/p>\n","protected":false},"author":1,"featured_media":42515,"comment_status":"open","ping_status":"open","sticky":false,"template":"","format":"standard","meta":{"fifu_image_url":"","fifu_image_alt":"","footnotes":""},"categories":[59],"tags":[],"class_list":["post-42514","post","type-post","status-publish","format-standard","has-post-thumbnail","hentry","category-economia"],"distributor_meta":false,"distributor_terms":false,"distributor_media":false,"distributor_original_site_name":"Noticias em Destaque","distributor_original_site_url":"https:\/\/noticiasdestaque.com.br","push-errors":false,"_links":{"self":[{"href":"https:\/\/noticiasdestaque.com.br\/index.php\/wp-json\/wp\/v2\/posts\/42514","targetHints":{"allow":["GET"]}}],"collection":[{"href":"https:\/\/noticiasdestaque.com.br\/index.php\/wp-json\/wp\/v2\/posts"}],"about":[{"href":"https:\/\/noticiasdestaque.com.br\/index.php\/wp-json\/wp\/v2\/types\/post"}],"author":[{"embeddable":true,"href":"https:\/\/noticiasdestaque.com.br\/index.php\/wp-json\/wp\/v2\/users\/1"}],"replies":[{"embeddable":true,"href":"https:\/\/noticiasdestaque.com.br\/index.php\/wp-json\/wp\/v2\/comments?post=42514"}],"version-history":[{"count":0,"href":"https:\/\/noticiasdestaque.com.br\/index.php\/wp-json\/wp\/v2\/posts\/42514\/revisions"}],"wp:featuredmedia":[{"embeddable":true,"href":"https:\/\/noticiasdestaque.com.br\/index.php\/wp-json\/wp\/v2\/media\/42515"}],"wp:attachment":[{"href":"https:\/\/noticiasdestaque.com.br\/index.php\/wp-json\/wp\/v2\/media?parent=42514"}],"wp:term":[{"taxonomy":"category","embeddable":true,"href":"https:\/\/noticiasdestaque.com.br\/index.php\/wp-json\/wp\/v2\/categories?post=42514"},{"taxonomy":"post_tag","embeddable":true,"href":"https:\/\/noticiasdestaque.com.br\/index.php\/wp-json\/wp\/v2\/tags?post=42514"}],"curies":[{"name":"wp","href":"https:\/\/api.w.org\/{rel}","templated":true}]}}