{"id":42472,"date":"2024-08-15T03:00:00","date_gmt":"2024-08-15T06:00:00","guid":{"rendered":"https:\/\/noticiasdestaque.com.br\/index.php\/2024\/08\/15\/mais-de-400-municipios-afetados-por-atividades-de-mineracao-vao-compartilhar-r-19-milhoes-da-cfem\/"},"modified":"2024-08-15T03:00:00","modified_gmt":"2024-08-15T06:00:00","slug":"mais-de-400-municipios-afetados-por-atividades-de-mineracao-vao-compartilhar-r-19-milhoes-da-cfem","status":"publish","type":"post","link":"https:\/\/noticiasdestaque.com.br\/index.php\/2024\/08\/15\/mais-de-400-municipios-afetados-por-atividades-de-mineracao-vao-compartilhar-r-19-milhoes-da-cfem\/","title":{"rendered":"Mais de 400 munic\u00edpios afetados por atividades de minera\u00e7\u00e3o v\u00e3o compartilhar R$ 19 milh\u00f5es da CFEM"},"content":{"rendered":"<p>\t\t\t\t\t\t\t\t\t\t<audio controls class=\"b61_audio_player\" data-noticia=\"74212\" src=\"https:\/\/brasil61.com\/rails\/active_storage\/blobs\/eyJfcmFpbHMiOnsibWVzc2FnZSI6IkJBaHBBL1R2QWc9PSIsImV4cCI6bnVsbCwicHVyIjoiYmxvYl9pZCJ9fQ==--0b996567065b6bb974b61d1c0583f321e3cfd6c3\/BRAS2412402A\"><\/audio><\/p>\n<p>A Ag\u00eancia Nacional de Minera\u00e7\u00e3o (ANM) autorizou a distribui\u00e7\u00e3o de R$ 119.470.395,57 entre 436 munic\u00edpios n\u00e3o produtores de min\u00e9rios, mas que s\u00e3o afetados pela presen\u00e7a de ferrovias, portos e dutovias. O valor \u00e9 referente aos recolhimentos da Compensa\u00e7\u00e3o Financeira pela Explora\u00e7\u00e3o Mineral (CFEM) feitos entre maio e julho de 2024.<\/p>\n<p>Do total, 86,81% (quase R$ 104 milh\u00f5es) ser\u00e3o repassados para cidades cortadas por ferrovias; 12,77% (cerca de R$ 15 milh\u00f5es) para munic\u00edpios que possuem portos; e 0,42% (aproximadamente R$ 500 mil) para cidades que possuem dutovias. Entre as subst\u00e2ncias minerais, o ferro \u00e9 respons\u00e1vel por 91,3% da distribui\u00e7\u00e3o de recursos para os munic\u00edpios afetados, com mais de R$ 109 milh\u00f5es.<\/p>\n<p>Nesta distribui\u00e7\u00e3o, S\u00e3o Lu\u00eds (MA) vai receber a maior parcela da CFEM, com R$ 7,1 milh\u00f5es; seguido por A\u00e7ail\u00e2ndia (MA), com R$ 6,2 milh\u00f5es; e Marab\u00e1 (PA), com pouco mais de R$ 5,8 milh\u00f5es.<\/p>\n<p>O valor distribu\u00eddo ainda poder\u00e1 ser complementado ap\u00f3s a ANM simular o c\u00e1lculo das parcelas devidas aos munic\u00edpios produtores que podem receber como afetados, al\u00e9m do rec\u00e1lculo dos \u00edndices de distribui\u00e7\u00e3o, conforme previsto no Anexo I da Resolu\u00e7\u00e3o ANM n\u00ba 143\/2023. A ag\u00eancia tamb\u00e9m deve calcular os valores remanescentes que ser\u00e3o destinados aos munic\u00edpios que fazem divisa com os produtores de min\u00e9rios.<\/p>\n<h2>Crit\u00e9rios de distribui\u00e7\u00e3o<\/h2>\n<p>De acordo com a \u00a0Lei n\u00ba 13.540, de 18 de dezembro de 2017, a distribui\u00e7\u00e3o da CFEM \u00e9 feita de acordo com os seguintes percentuais e crit\u00e9rios:<\/p>\n<ul>\n<li>7% para a entidade reguladora do setor de minera\u00e7\u00e3o;<\/li>\n<li>1% para o Fundo Nacional de Desenvolvimento Cient\u00edfico e Tecnol\u00f3gico (FNDCT);<\/li>\n<li>1,8% para o Centro de Tecnologia Mineral (Cetem);<\/li>\n<li>0,2% para o Instituto Brasileiro do Meio Ambiente e dos Recursos Naturais Renov\u00e1veis (Ibama);<\/li>\n<li>15% para o Distrito Federal e os estados onde ocorrer a produ\u00e7\u00e3o;<\/li>\n<li>60% para o Distrito Federal e os munic\u00edpios onde ocorrer a produ\u00e7\u00e3o;<\/li>\n<li>15% para os munic\u00edpios n\u00e3o produtores de min\u00e9rios, mas s\u00e3o cortados pelas infraestruturas utilizadas para o transporte ferrovi\u00e1rio ou dutovi\u00e1rio de subst\u00e2ncias minerais; ou s\u00e3o afetados pelas opera\u00e7\u00f5es portu\u00e1rias e de embarque e desembarque de subst\u00e2ncias minerais; ou ainda s\u00e3o onde est\u00e3o localizadas pilhas de est\u00e9ril, barragens de rejeitos e instala\u00e7\u00f5es de beneficiamento de subst\u00e2ncias minerais, bem como as demais instala\u00e7\u00f5es previstas no plano de aproveitamento econ\u00f4mico.<\/li>\n<\/ul>\n<p>Segundo a ANM, a distribui\u00e7\u00e3o da CFEM somente deve acontecer ap\u00f3s a divulga\u00e7\u00e3o da lista final dos benefici\u00e1rios.<\/p>\n<p>O doutor em Geot\u00e9cnica e professor da Universidade Cat\u00f3lica de Bras\u00edlia, Rideci Farias, detalha o calend\u00e1rio de pagamentos da compensa\u00e7\u00e3o.<\/p>\n<p>\u201cO pagamento \u00e9 incidente a um determinado ciclo anual de distribui\u00e7\u00e3o da CFEM aos munic\u00edpios afetados em que se refere ao per\u00edodo de 12 meses \u2014 que compreende a arrecada\u00e7\u00e3o recolhida entre 1\u00ba de maio de um ano e 30 de abril do ano seguinte. E, por parte das empresas, o pagamento da compensa\u00e7\u00e3o financeira \u00e9 efetuado mensalmente at\u00e9 o \u00faltimo dia \u00fatil do m\u00eas subsequente ao fato gerador, devidamente corrigido.\u201d<\/p>\n<p>Para conferir a lista com os valores recebidos por munic\u00edpios, acesse o <a href=\"https:\/\/www.gov.br\/anm\/pt-br\/valores-recebidos-por-municipios\">link<\/a>.<\/p>\n<p><strong><a href=\"https:\/\/brasil61.com\/n\/mineracao-cerca-de-730-municipios-serao-beneficiados-pela-distribuicao-da-compensacao-financeira-recolhida-entre-maio-de-2024-e-abril-de-2025-bras2412317\" target=\"_blank\">MINERA\u00c7\u00c3O: cerca de 730 munic\u00edpios ser\u00e3o beneficiados pela distribui\u00e7\u00e3o da compensa\u00e7\u00e3o financeira recolhida entre maio de 2024 e abril de 2025<\/a><\/strong><\/p>\n<p><strong><a href=\"https:\/\/brasil61.com\/n\/novas-regras-para-declarar-compensacao-financeira-pela-exploracao-de-recursos-minerais-ja-entraram-em-vigor-bras2412208\" target=\"_blank\">Novas regras para declarar compensa\u00e7\u00e3o financeira pela explora\u00e7\u00e3o de recursos minerais j\u00e1 entraram em vigor<\/a><\/strong><\/p>\n<p>\t\t\t\t\t\t\t\t\t<img loading=\"lazy\" decoding=\"async\" src=\"https:\/\/brasil61.com\/api\/v1\/serve_pixel\/17677\/74212\" alt=\"Pixel Brasil 61\" class=\"b61_pixel\" width=\"0\" height=\"0\"><\/p>\n<input type=\"hidden\" id=\"baseurl\" value=\"https:\/\/noticiasdestaque.com.br\"><input type=\"hidden\" id=\"audio_nonce\" value=\"6a24ca502e\">","protected":false},"excerpt":{"rendered":"<p>Nesta distribui\u00e7\u00e3o, S\u00e3o Lu\u00eds (MA) vai receber a maior parcela da CFEM, com R$ 7,1 milh\u00f5es; seguido por A\u00e7ail\u00e2ndia (MA), com R$ 6,2 milh\u00f5es; e Marab\u00e1 (PA), com R$ 5,8 milh\u00f5es<\/p>\n","protected":false},"author":1,"featured_media":42473,"comment_status":"open","ping_status":"open","sticky":false,"template":"","format":"standard","meta":{"fifu_image_url":"","fifu_image_alt":"","footnotes":""},"categories":[59],"tags":[],"class_list":["post-42472","post","type-post","status-publish","format-standard","has-post-thumbnail","hentry","category-economia"],"distributor_meta":false,"distributor_terms":false,"distributor_media":false,"distributor_original_site_name":"Noticias em Destaque","distributor_original_site_url":"https:\/\/noticiasdestaque.com.br","push-errors":false,"_links":{"self":[{"href":"https:\/\/noticiasdestaque.com.br\/index.php\/wp-json\/wp\/v2\/posts\/42472","targetHints":{"allow":["GET"]}}],"collection":[{"href":"https:\/\/noticiasdestaque.com.br\/index.php\/wp-json\/wp\/v2\/posts"}],"about":[{"href":"https:\/\/noticiasdestaque.com.br\/index.php\/wp-json\/wp\/v2\/types\/post"}],"author":[{"embeddable":true,"href":"https:\/\/noticiasdestaque.com.br\/index.php\/wp-json\/wp\/v2\/users\/1"}],"replies":[{"embeddable":true,"href":"https:\/\/noticiasdestaque.com.br\/index.php\/wp-json\/wp\/v2\/comments?post=42472"}],"version-history":[{"count":0,"href":"https:\/\/noticiasdestaque.com.br\/index.php\/wp-json\/wp\/v2\/posts\/42472\/revisions"}],"wp:featuredmedia":[{"embeddable":true,"href":"https:\/\/noticiasdestaque.com.br\/index.php\/wp-json\/wp\/v2\/media\/42473"}],"wp:attachment":[{"href":"https:\/\/noticiasdestaque.com.br\/index.php\/wp-json\/wp\/v2\/media?parent=42472"}],"wp:term":[{"taxonomy":"category","embeddable":true,"href":"https:\/\/noticiasdestaque.com.br\/index.php\/wp-json\/wp\/v2\/categories?post=42472"},{"taxonomy":"post_tag","embeddable":true,"href":"https:\/\/noticiasdestaque.com.br\/index.php\/wp-json\/wp\/v2\/tags?post=42472"}],"curies":[{"name":"wp","href":"https:\/\/api.w.org\/{rel}","templated":true}]}}