{"id":42464,"date":"2024-08-12T08:45:00","date_gmt":"2024-08-12T11:45:00","guid":{"rendered":"https:\/\/noticiasdestaque.com.br\/index.php\/2024\/08\/12\/exportacoes-de-cobre-e-niquel-ultrapassam-100-mil-t-no-semestre\/"},"modified":"2024-08-12T08:45:00","modified_gmt":"2024-08-12T11:45:00","slug":"exportacoes-de-cobre-e-niquel-ultrapassam-100-mil-t-no-semestre","status":"publish","type":"post","link":"https:\/\/noticiasdestaque.com.br\/index.php\/2024\/08\/12\/exportacoes-de-cobre-e-niquel-ultrapassam-100-mil-t-no-semestre\/","title":{"rendered":"Exporta\u00e7\u00f5es de cobre e n\u00edquel ultrapassam 100 mil t no semestre"},"content":{"rendered":"<p>Fundo de investimento privado especializado em minera\u00e7\u00e3o, a Appian Capital Brazil exportou mais de 100 mil toneladas de concentrado de cobre e n\u00edquel sulfetado para Am\u00e9rica do Norte, Europa e \u00c1sia durante o primeiro semestre de 2024. Com cinco anos de atua\u00e7\u00e3o no mercado brasileiro, a empresa det\u00e9m dois ativos que produzem essas commodities no Brasil: Atlantic Nickel, produtora de concentrado de n\u00edquel sulfetado e a Minera\u00e7\u00e3o Vale Verde, produtora de concentrado de cobre. \u201cSeguimos focados no crescimento e nossa performance no primeiro semestre evidencia a nossa excel\u00eancia operacional na extra\u00e7\u00e3o de cobre e n\u00edquel, importantes min\u00e9rios para a transi\u00e7\u00e3o energ\u00e9tica mundial, assim como o compromisso com a seguran\u00e7a. Operamos com nossa capacidade m\u00e1xima, sempre de forma segura e integrada ao meio ambiente e \u00e0s comunidades do entorno\u201d, explica Milson Mundim, CFO da Appian Capital Brazil.<\/p>\n<p>Nos seis meses iniciais do ano, a empresa utilizou navios otimizados para exporta\u00e7\u00e3o de minerais \u00e0 \u00c1sia e Europa, reduzindo o custo de frete, o que aumentou a efici\u00eancia na opera\u00e7\u00e3o log\u00edstica do fundo. O transporte destas commodities representa a movimenta\u00e7\u00e3o de min\u00e9rios base para o investimento em energia limpa, tornando a Appian protagonista de grande relev\u00e2ncia para a transi\u00e7\u00e3o energ\u00e9tica. A Minera\u00e7\u00e3o Vale Verde (MVV) exportou 43.745 toneladas de concentrado de cobre produzido na mina Serrote. Desse volume, aproximadamente 9.665 toneladas eram de cobre contido. Os navios partiram do porto de Macei\u00f3 com destino \u00e0 China.<\/p>\n<p>Com tr\u00eas anos de opera\u00e7\u00f5es atuando em capacidade m\u00e1xima, a MVV j\u00e1 exportou mais de 240 mil toneladas de cobre para pa\u00edses da Europa e \u00c1sia. O cobre \u00e9 um dos metais com previs\u00e3o de alta de demanda no mercado, devido \u00e0 transi\u00e7\u00e3o energ\u00e9tica, estando presente em carros el\u00e9tricos, baterias, turbinas e\u00f3licas e pain\u00e9is solares, entre outros. J\u00e1 a Atlantic Nickel embarcou 50.159 toneladas de concentrado de n\u00edquel sulfetado, sendo aproximadamente 6.647 toneladas de n\u00edquel contido em cinco embarques desde janeiro deste ano. Os navios seguiram do Porto de Ilh\u00e9us (BA) para o Canad\u00e1, China e Finl\u00e2ndia. O n\u00edquel sulfetado \u00e9 um dos metais mais resistentes e vers\u00e1teis da natureza, al\u00e9m de ser mat\u00e9ria-prima fundamental na fabrica\u00e7\u00e3o de baterias para ve\u00edculos el\u00e9tricos.<\/p>\n<p>O governador de Alagoas, Paulo Dantas, afirmou que o estado teve o melhor resultado na gera\u00e7\u00e3o de empregos no Nordeste em 2023. Foram criados 1,2 mil empregos diretos e cerca de 5 mil empregos indiretos na regi\u00e3o. Hoje, s\u00e3o mais de 1,2 mil empregados efetivos e terceirizados na MVV, atuando diretamente em Cra\u00edbas, com cerca de 70% origin\u00e1rios de Alagoas. A Appian informa que investe na cultura preventiva de acidentes, no bem-estar e integridade f\u00edsica de seus empregados e contratados, gra\u00e7as \u00e0 premissa de seguran\u00e7a em primeiro lugar, j\u00e1 s\u00e3o mais de 4 milh\u00f5es de horas-homem trabalhadas (HHT) sem acidentes com afastamento.<\/p>\n<p>\t\t\t\t\t\t\t\t\t<img loading=\"lazy\" decoding=\"async\" src=\"https:\/\/brasil61.com\/api\/v1\/serve_pixel\/17677\/74093\" alt=\"Pixel Brasil 61\" class=\"b61_pixel\" width=\"0\" height=\"0\"><\/p>\n<input type=\"hidden\" id=\"baseurl\" value=\"https:\/\/noticiasdestaque.com.br\"><input type=\"hidden\" id=\"audio_nonce\" value=\"6a24ca502e\">","protected":false},"excerpt":{"rendered":"<p>Com cinco anos de atua\u00e7\u00e3o no mercado brasileiro, a empresa det\u00e9m dois ativos que produzem essas commodities no Brasil: Atlantic Nickel e Minera\u00e7\u00e3o Vale Verde<\/p>\n","protected":false},"author":1,"featured_media":0,"comment_status":"open","ping_status":"open","sticky":false,"template":"","format":"standard","meta":{"fifu_image_url":"","fifu_image_alt":"","footnotes":""},"categories":[59],"tags":[],"class_list":["post-42464","post","type-post","status-publish","format-standard","hentry","category-economia"],"distributor_meta":false,"distributor_terms":false,"distributor_media":false,"distributor_original_site_name":"Noticias em Destaque","distributor_original_site_url":"https:\/\/noticiasdestaque.com.br","push-errors":false,"_links":{"self":[{"href":"https:\/\/noticiasdestaque.com.br\/index.php\/wp-json\/wp\/v2\/posts\/42464","targetHints":{"allow":["GET"]}}],"collection":[{"href":"https:\/\/noticiasdestaque.com.br\/index.php\/wp-json\/wp\/v2\/posts"}],"about":[{"href":"https:\/\/noticiasdestaque.com.br\/index.php\/wp-json\/wp\/v2\/types\/post"}],"author":[{"embeddable":true,"href":"https:\/\/noticiasdestaque.com.br\/index.php\/wp-json\/wp\/v2\/users\/1"}],"replies":[{"embeddable":true,"href":"https:\/\/noticiasdestaque.com.br\/index.php\/wp-json\/wp\/v2\/comments?post=42464"}],"version-history":[{"count":0,"href":"https:\/\/noticiasdestaque.com.br\/index.php\/wp-json\/wp\/v2\/posts\/42464\/revisions"}],"wp:attachment":[{"href":"https:\/\/noticiasdestaque.com.br\/index.php\/wp-json\/wp\/v2\/media?parent=42464"}],"wp:term":[{"taxonomy":"category","embeddable":true,"href":"https:\/\/noticiasdestaque.com.br\/index.php\/wp-json\/wp\/v2\/categories?post=42464"},{"taxonomy":"post_tag","embeddable":true,"href":"https:\/\/noticiasdestaque.com.br\/index.php\/wp-json\/wp\/v2\/tags?post=42464"}],"curies":[{"name":"wp","href":"https:\/\/api.w.org\/{rel}","templated":true}]}}