{"id":42458,"date":"2024-08-04T00:04:00","date_gmt":"2024-08-04T03:04:00","guid":{"rendered":"https:\/\/noticiasdestaque.com.br\/index.php\/2024\/08\/04\/minerio-de-ferro-liminar-da-justica-permite-mineracao-na-serra-do-curral-em-belo-horizonte-mg\/"},"modified":"2024-08-04T00:04:00","modified_gmt":"2024-08-04T03:04:00","slug":"minerio-de-ferro-liminar-da-justica-permite-mineracao-na-serra-do-curral-em-belo-horizonte-mg","status":"publish","type":"post","link":"https:\/\/noticiasdestaque.com.br\/index.php\/2024\/08\/04\/minerio-de-ferro-liminar-da-justica-permite-mineracao-na-serra-do-curral-em-belo-horizonte-mg\/","title":{"rendered":"Min\u00e9rio de Ferro: liminar da Justi\u00e7a permite minera\u00e7\u00e3o na Serra do Curral, em Belo Horizonte (MG)"},"content":{"rendered":"<p>A Justi\u00e7a Federal derrubou, dia 29 de julho, a decis\u00e3o que proibia a Minera\u00e7\u00e3o Pau Branco LTDA (Empabra) de operar na Serra do Curral, em Belo Horizonte (MG). A empresa havia sido proibida por uma determina\u00e7\u00e3o em processo, onde a Prefeitura de Belo Horizonte denunciou suposta extrapola\u00e7\u00e3o da empresa sobre medidas emergenciais recomendadas pela Associa\u00e7\u00e3o Nacional de Minera\u00e7\u00e3o (ANM) em rela\u00e7\u00e3o \u00e0 Mina do Corumi. O munic\u00edpio vai recorrer da decis\u00e3o.\u00a0A \u00e1rea estava interditada desde maio de 2024 ap\u00f3s fiscais ambientais da Prefeitura identificarem \u201cind\u00edcios de que ocorria atividade de minera\u00e7\u00e3o no local\u201d.<\/p>\n<p>Como a atividade ocorria em \u00e1rea tombada pelo munic\u00edpio, a Prefeitura afirmou que cabia ao Executivo realizar o poder de pol\u00edcia para evitar atos danosos, ilegais e inconstitucionais. Entretanto, o juiz federal Robson de Magalh\u00e3es Pereira determinou a volta das atividades ao explicar que o pedido da Prefeitura mineira n\u00e3o \u00e9 &#8220;razo\u00e1vel e proporcional&#8221;. Segundo o juiz, uma fiscaliza\u00e7\u00e3o estadual na \u00e1rea n\u00e3o encontrou ind\u00edcios &#8220;de extra\u00e7\u00e3o de min\u00e9rio na Mina Granja Corumi ou de atividade irregular no local&#8221;.<\/p>\n<p>A Ag\u00eancia Nacional de Minera\u00e7\u00e3o (ANM) informou que a Empabra cumpriu todas as exig\u00eancias realizadas pela ag\u00eancia, e que n\u00e3o constatou o lan\u00e7amento de poluentes ou degrada\u00e7\u00e3o ambiental na \u00e1rea, n\u00e3o havendo ind\u00edcios de lavra ilegal ou atividades n\u00e3o autorizadas. &#8220;A \u00fanica atividade em curso era a retirada do material depositado na \u00e1rea, com o objetivo de estabilizar os taludes e cessar a fonte de poss\u00edveis carregamentos de sedimentos\u201d, disse \u00e0 ANM.<\/p>\n<p>O juiz afirmou ainda que a n\u00e3o retirada do material depositado no local poder\u00e1 gerar danos ambientais, especialmente com a chegada do per\u00edodo chuvoso. Diante disso, o magistrado determina que o Executivo municipal se abstenha de realizar medidas que impe\u00e7am o cumprimento \u00e0s medidas emergenciais definidas pela ANM. Questionada, a PBH disse que vai recorrer da decis\u00e3o.<\/p>\n<p>\t\t\t\t\t\t\t\t\t<img loading=\"lazy\" decoding=\"async\" src=\"https:\/\/brasil61.com\/api\/v1\/serve_pixel\/17677\/73840\" alt=\"Pixel Brasil 61\" class=\"b61_pixel\" width=\"0\" height=\"0\"><\/p>\n<input type=\"hidden\" id=\"baseurl\" value=\"https:\/\/noticiasdestaque.com.br\"><input type=\"hidden\" id=\"audio_nonce\" value=\"6a24ca502e\">","protected":false},"excerpt":{"rendered":"<p>O munic\u00edpio vai recorrer da decis\u00e3o. A \u00e1rea estava interditada desde maio de 2024<\/p>\n","protected":false},"author":1,"featured_media":42459,"comment_status":"open","ping_status":"open","sticky":false,"template":"","format":"standard","meta":{"fifu_image_url":"","fifu_image_alt":"","footnotes":""},"categories":[59],"tags":[],"class_list":["post-42458","post","type-post","status-publish","format-standard","has-post-thumbnail","hentry","category-economia"],"distributor_meta":false,"distributor_terms":false,"distributor_media":false,"distributor_original_site_name":"Noticias em Destaque","distributor_original_site_url":"https:\/\/noticiasdestaque.com.br","push-errors":false,"_links":{"self":[{"href":"https:\/\/noticiasdestaque.com.br\/index.php\/wp-json\/wp\/v2\/posts\/42458","targetHints":{"allow":["GET"]}}],"collection":[{"href":"https:\/\/noticiasdestaque.com.br\/index.php\/wp-json\/wp\/v2\/posts"}],"about":[{"href":"https:\/\/noticiasdestaque.com.br\/index.php\/wp-json\/wp\/v2\/types\/post"}],"author":[{"embeddable":true,"href":"https:\/\/noticiasdestaque.com.br\/index.php\/wp-json\/wp\/v2\/users\/1"}],"replies":[{"embeddable":true,"href":"https:\/\/noticiasdestaque.com.br\/index.php\/wp-json\/wp\/v2\/comments?post=42458"}],"version-history":[{"count":0,"href":"https:\/\/noticiasdestaque.com.br\/index.php\/wp-json\/wp\/v2\/posts\/42458\/revisions"}],"wp:featuredmedia":[{"embeddable":true,"href":"https:\/\/noticiasdestaque.com.br\/index.php\/wp-json\/wp\/v2\/media\/42459"}],"wp:attachment":[{"href":"https:\/\/noticiasdestaque.com.br\/index.php\/wp-json\/wp\/v2\/media?parent=42458"}],"wp:term":[{"taxonomy":"category","embeddable":true,"href":"https:\/\/noticiasdestaque.com.br\/index.php\/wp-json\/wp\/v2\/categories?post=42458"},{"taxonomy":"post_tag","embeddable":true,"href":"https:\/\/noticiasdestaque.com.br\/index.php\/wp-json\/wp\/v2\/tags?post=42458"}],"curies":[{"name":"wp","href":"https:\/\/api.w.org\/{rel}","templated":true}]}}