{"id":42450,"date":"2024-07-31T00:04:00","date_gmt":"2024-07-31T03:04:00","guid":{"rendered":"https:\/\/noticiasdestaque.com.br\/index.php\/2024\/07\/31\/projeto-de-lei-visa-estabelecer-politica-nacional-de-minerais-criticos-e-estrategicos\/"},"modified":"2024-07-31T00:04:00","modified_gmt":"2024-07-31T03:04:00","slug":"projeto-de-lei-visa-estabelecer-politica-nacional-de-minerais-criticos-e-estrategicos","status":"publish","type":"post","link":"https:\/\/noticiasdestaque.com.br\/index.php\/2024\/07\/31\/projeto-de-lei-visa-estabelecer-politica-nacional-de-minerais-criticos-e-estrategicos\/","title":{"rendered":"Projeto de Lei visa estabelecer Pol\u00edtica Nacional de Minerais Cr\u00edticos e Estrat\u00e9gicos"},"content":{"rendered":"<p>\t\t\t\t\t\t\t\t\t\t<audio controls class=\"b61_audio_player\" data-noticia=\"73736\" src=\"https:\/\/brasil61.com\/rails\/active_storage\/blobs\/eyJfcmFpbHMiOnsibWVzc2FnZSI6IkJBaHBBeGpxQWc9PSIsImV4cCI6bnVsbCwicHVyIjoiYmxvYl9pZCJ9fQ==--0d620b8940b162355f5f5b0569b4e225a4aea650\/BRAS2412263A\"><\/audio><\/p>\n<p>O Projeto de Lei (PL) 2780\/2024, apresentado no in\u00edcio de julho pelo deputado federal Z\u00e9 Silva (Solidariedade-MG), prop\u00f5e a cria\u00e7\u00e3o de uma Pol\u00edtica Nacional de Minerais Cr\u00edticos e Estrat\u00e9gicos (PNMCE) e est\u00e1 gerando debates no setor mineral. Segundo o deputado, a proposta deve atender \u00e0 crescente demanda por minerais essenciais \u00e0 transi\u00e7\u00e3o energ\u00e9tica, o que \u00e9 &#8220;fundamental&#8221; para a descarboniza\u00e7\u00e3o da economia global.<\/p>\n<p>A proposta classifica os minerais em duas categorias: cr\u00edticos e estrat\u00e9gicos. Os minerais cr\u00edticos s\u00e3o aqueles cuja disponibilidade est\u00e1 em risco, podendo dificultar a transi\u00e7\u00e3o energ\u00e9tica e afetar a seguran\u00e7a nacional. J\u00e1 os minerais estrat\u00e9gicos s\u00e3o considerados essenciais para a economia e a gera\u00e7\u00e3o de super\u00e1vit na balan\u00e7a comercial.<\/p>\n<p><strong>Mais sobre minerais cr\u00edticos e estrat\u00e9gicos:<\/strong><\/p>\n<ul>\n<li><a href=\"https:\/\/brasil61.com\/n\/bndes-e-mme-lancam-fundo-de-r-1-bilhao-para-minerais-estrategicos-mine240697\">BNDES e MME lan\u00e7am fundo de R$ 1 bilh\u00e3o para minerais estrat\u00e9gicos<\/a><\/li>\n<li><a href=\"https:\/\/brasil61.com\/n\/minas-gerais-pretende-atrair-r-30-bilhoes-para-producao-de-minerais-estrategicos-mine240704\">Minas Gerais pretende atrair R$ 30 bilh\u00f5es para produ\u00e7\u00e3o de minerais estrat\u00e9gicos<\/a><\/li>\n<li><a href=\"https:\/\/brasil61.com\/n\/minerais-criticos-brasil-tem-1-5-das-reservas-globais-de-varios-minerios-mine240731\">Minerais cr\u00edticos: \u201cBrasil tem 1\/5 das reservas globais de v\u00e1rios min\u00e9rios\u201d<\/a><\/li>\n<li><a href=\"https:\/\/brasil61.com\/n\/minerais-criticos-brasil-pode-ser-importante-fornecedor-para-os-eua-mine240734\">Minerais cr\u00edticos: Brasil pode ser importante fornecedor para os EU<\/a><\/li>\n<\/ul>\n<h2>Transi\u00e7\u00e3o energ\u00e9tica e descarboniza\u00e7\u00e3o<\/h2>\n<p>J\u00falio Nery, diretor de Sustentabilidade do Instituto Brasileiro de Minera\u00e7\u00e3o (Ibram), explica que o Brasil \u00e9 um exportador de commodities\u00a0e que \u00e9 preciso aproveitar a oportunidade de haver uma maior agrega\u00e7\u00e3o de valor ao produto.\u00a0<\/p>\n<p>&#8220;Vamos lembrar que esses benef\u00edcios fiscais s\u00e3o referentes \u00e0 incentivos para a inova\u00e7\u00e3o tecnol\u00f3gica. \u00c9 praticamente a extens\u00e3o da aplica\u00e7\u00e3o da Lei do Bem para a ind\u00fastria de minera\u00e7\u00e3o. Ent\u00e3o s\u00e3o incentivos para que se aumente a pesquisa tecnol\u00f3gica na produ\u00e7\u00e3o desses minerais cr\u00edticos, \u00a0essenciais para que se possa ter uma boa transi\u00e7\u00e3o energ\u00e9tica&#8221;, informa.<\/p>\n<p>Ele destaca que esses minerais cr\u00edticos s\u00e3o aplicados em baterias, como de ve\u00edculos el\u00e9tricos, al\u00e9m de serem necess\u00e1rios para a produ\u00e7\u00e3o dos geradores de energia e\u00f3lica e solar.<\/p>\n<h2>Vantagens<\/h2>\n<p>Frederico Bedran, advogado especialista em minera\u00e7\u00e3o, pontua que uma matriz energ\u00e9tica limpa d\u00e1 um diferencial ao pa\u00eds, como na produ\u00e7\u00e3o de minerais com uma pegada de carbono menor. Ele afirma que \u00e9 importante\u00a0colocar o Brasil nesse cen\u00e1rio e que a proposta sinaliza a inten\u00e7\u00e3o do governo em fortalecer o setor mineral no Brasil.<\/p>\n<p>&#8220;Observamos que em outros pa\u00edses, como Canad\u00e1 e China, h\u00e1 uma entrada dos governos no maior controle da produ\u00e7\u00e3o desses bens minerais. Temos uma disputa global por essa nova economia e por esses bens minerais. Hoje, com esse PL que coloca alguns benef\u00edcios fiscais para minera\u00e7\u00e3o, vejo como fundamental para a contribui\u00e7\u00e3o dentro desse processo de colocar o pa\u00eds como um grande fornecedor, n\u00e3o apenas de mat\u00e9rias-primas, mas tamb\u00e9m de produtos industrializados&#8221;, completa.<\/p>\n<p>Entre os benef\u00edcios fiscais previstos, o projeto inclui a ades\u00e3o das mineradoras que trabalham com minerais cr\u00edticos e estrat\u00e9gicos ao regime de incentivos da Lei Federal 11.196\/2005, que permite dedu\u00e7\u00f5es no Imposto sobre a Renda da Pessoa Jur\u00eddica e a redu\u00e7\u00e3o da al\u00edquota do Imposto sobre Produtos Industrializados (IPI). Al\u00e9m disso, a proposta sugere a aplica\u00e7\u00e3o do Regime Especial de Incentivos para o Desenvolvimento da Infraestrutura (Reidi) no setor mineral.<\/p>\n<h2>Faturamento do setor<\/h2>\n<p>O balan\u00e7o semestral do Ibram revelou que o faturamento do setor mineral brasileiro entre janeiro e junho de 2024 alcan\u00e7ou R$ 129,5 bilh\u00f5es, um aumento de 8% em rela\u00e7\u00e3o ao mesmo per\u00edodo do ano anterior. O min\u00e9rio de ferro continua sendo o grande protagonista, respondendo por 62% do total faturado. As exporta\u00e7\u00f5es tamb\u00e9m mostraram um desempenho positivo, somando US$ 21,5 bilh\u00f5es, com a China sendo o principal destino.<\/p>\n<h2>Tr\u00e2mite<\/h2>\n<p>Alexandre Sion, advogado especialista em minera\u00e7\u00e3o, explica que o Projeto de Lei n\u00ba 2780\/2024\u00a0foi proposto pelo Deputado Z\u00e9 Silva em 8 de julho de 2024 e aguarda despacho do Presidente da C\u00e2mara dos Deputados.<\/p>\n<p>Ele destaca que em um processo de tramita\u00e7\u00e3o de Projeto de Lei \u00e9 comum serem realizadas diversas altera\u00e7\u00f5es do texto original.<\/p>\n<p>&#8220;Por isso, ainda \u00e9 cedo para dizer o que, de fato, vai mudar na pr\u00e1tica. Pela reda\u00e7\u00e3o atual, \u00e9 esperado que sejam concedidos incentivos para pesquisa, desenvolvimento tecnol\u00f3gico, transforma\u00e7\u00e3o dos minerais cr\u00edticos e minerais estrat\u00e9gicos e respectivas cadeias produtivas; o apoio ao licenciamento ambiental, dentre outros aspectos, como a cria\u00e7\u00e3o de um Comit\u00ea de Minerais Cr\u00edticos e Estrat\u00e9gicos&#8221;, completa.<\/p>\n<p>\t\t\t\t\t\t\t\t\t<img loading=\"lazy\" decoding=\"async\" src=\"https:\/\/brasil61.com\/api\/v1\/serve_pixel\/17677\/73736\" alt=\"Pixel Brasil 61\" class=\"b61_pixel\" width=\"0\" height=\"0\"><\/p>\n<input type=\"hidden\" id=\"baseurl\" value=\"https:\/\/noticiasdestaque.com.br\"><input type=\"hidden\" id=\"audio_nonce\" value=\"6f73a554f1\">","protected":false},"excerpt":{"rendered":"<p>Iniciativa busca impulsionar a transi\u00e7\u00e3o energ\u00e9tica e a descarboniza\u00e7\u00e3o da economia brasileira, com benef\u00edcios fiscais para mineradoras<\/p>\n","protected":false},"author":1,"featured_media":42451,"comment_status":"open","ping_status":"open","sticky":false,"template":"","format":"standard","meta":{"fifu_image_url":"","fifu_image_alt":"","footnotes":""},"categories":[59],"tags":[],"class_list":["post-42450","post","type-post","status-publish","format-standard","has-post-thumbnail","hentry","category-economia"],"distributor_meta":false,"distributor_terms":false,"distributor_media":false,"distributor_original_site_name":"Noticias em Destaque","distributor_original_site_url":"https:\/\/noticiasdestaque.com.br","push-errors":false,"_links":{"self":[{"href":"https:\/\/noticiasdestaque.com.br\/index.php\/wp-json\/wp\/v2\/posts\/42450","targetHints":{"allow":["GET"]}}],"collection":[{"href":"https:\/\/noticiasdestaque.com.br\/index.php\/wp-json\/wp\/v2\/posts"}],"about":[{"href":"https:\/\/noticiasdestaque.com.br\/index.php\/wp-json\/wp\/v2\/types\/post"}],"author":[{"embeddable":true,"href":"https:\/\/noticiasdestaque.com.br\/index.php\/wp-json\/wp\/v2\/users\/1"}],"replies":[{"embeddable":true,"href":"https:\/\/noticiasdestaque.com.br\/index.php\/wp-json\/wp\/v2\/comments?post=42450"}],"version-history":[{"count":0,"href":"https:\/\/noticiasdestaque.com.br\/index.php\/wp-json\/wp\/v2\/posts\/42450\/revisions"}],"wp:featuredmedia":[{"embeddable":true,"href":"https:\/\/noticiasdestaque.com.br\/index.php\/wp-json\/wp\/v2\/media\/42451"}],"wp:attachment":[{"href":"https:\/\/noticiasdestaque.com.br\/index.php\/wp-json\/wp\/v2\/media?parent=42450"}],"wp:term":[{"taxonomy":"category","embeddable":true,"href":"https:\/\/noticiasdestaque.com.br\/index.php\/wp-json\/wp\/v2\/categories?post=42450"},{"taxonomy":"post_tag","embeddable":true,"href":"https:\/\/noticiasdestaque.com.br\/index.php\/wp-json\/wp\/v2\/tags?post=42450"}],"curies":[{"name":"wp","href":"https:\/\/api.w.org\/{rel}","templated":true}]}}