{"id":42448,"date":"2024-07-29T21:41:00","date_gmt":"2024-07-30T00:41:00","guid":{"rendered":"https:\/\/noticiasdestaque.com.br\/index.php\/2024\/07\/29\/usiminas-tem-prejuizo-liquido-de-r-100-milhoes-no-trimestre\/"},"modified":"2024-07-29T21:41:00","modified_gmt":"2024-07-30T00:41:00","slug":"usiminas-tem-prejuizo-liquido-de-r-100-milhoes-no-trimestre","status":"publish","type":"post","link":"https:\/\/noticiasdestaque.com.br\/index.php\/2024\/07\/29\/usiminas-tem-prejuizo-liquido-de-r-100-milhoes-no-trimestre\/","title":{"rendered":"Usiminas tem preju\u00edzo l\u00edquido de R$ 100 milh\u00f5es no trimestre"},"content":{"rendered":"<p>A Usiminas registrou preju\u00edzo l\u00edquido de R$ 100 milh\u00f5es no segundo trimestre de 2024, R$ 135 milh\u00f5es inferior ao lucro l\u00edquido do primeiro trimestre (R$ 36 milh\u00f5es). O Ebitda ajustado consolidado ficou em R$ 247 milh\u00f5es, queda de 40,6% sobre os tr\u00eas meses iniciais de 2024, enquanto as vendas de a\u00e7o mantiveram-se est\u00e1veis em torno de 1.042 mil toneladas no trimestre, 0,5% a mais que no primeiro trimestre do ano.<\/p>\n<p>O desempenho teve impacto da desvaloriza\u00e7\u00e3o do real frente ao d\u00f3lar e custos de mat\u00e9rias-primas (carv\u00e3o, coque, min\u00e9rio e placas), que afetaram, em especial, a unidade de Cubat\u00e3o. A importa\u00e7\u00e3o chinesa permanece como grande obst\u00e1culo ao mercado brasileiro, j\u00e1 que, no primeiro semestre, houve um aumento de 22% nas importa\u00e7\u00f5es de a\u00e7os planos em rela\u00e7\u00e3o ao mesmo semestre de 2023.\u00a0\u201cAinda enfrentamos uma press\u00e3o interna por causa do excesso de oferta do a\u00e7o chin\u00eas. Em junho, primeiro m\u00eas da cota implementada pelo governo, as importa\u00e7\u00f5es n\u00e3o sofreram impacto. O volume de importa\u00e7\u00f5es de a\u00e7os planos foi de 233 mil t, superior \u00e0 m\u00e9dia mensal de 2023, ano em que registramos a maior participa\u00e7\u00e3o de consumo aparente da \u00faltima d\u00e9cada\u201d, afirmou Marcelo Chara, presidente da Usiminas.<\/p>\n<p>Apesar dos impactos no resultado do segundo trimestre, a Usiminas comemora a conclus\u00e3o do ramp up do Alto-Forno 3, com a estabilidade do equipamento, o que permitiu atingir em junho a maior produ\u00e7\u00e3o do equipamento desde 2013. Outros pontos positivos foram a melhoria do\u00a0<em>fuel rate<\/em>\u00a0(consumo de combust\u00edvel) e aumento da carga met\u00e1lica em torno de 8% e redu\u00e7\u00e3o do consumo de g\u00e1s natural, em 17%. Esses resultados mostram a transforma\u00e7\u00e3o realizada pela Usiminas, com foco nas rotinas de gest\u00e3o e KPI\u2019s, voltados para melhoria cont\u00ednua e excel\u00eancia operacional em todos os processos.\u00a0\u201cAgrade\u00e7o nossos colaboradores pela dedica\u00e7\u00e3o e profissionalismo, acompanhando nossos desafios de transforma\u00e7\u00e3o da Usiminas. Vamos continuar buscando a excel\u00eancia operacional, estando cada vez mais pr\u00f3ximos dos nossos clientes, reduzindo custos de produ\u00e7\u00e3o e tendo como alvo os mercados de maior valor agregado. Sempre com a seguran\u00e7a em primeiro lugar e com muito cuidado ao meio ambiente, sendo bons vizinhos e integrando as comunidades das localidades onde operamos\u201d.<\/p>\n<p>A Usiminas produziu 817 mil toneladas de a\u00e7o bruto no segundo trimestre, 16,7% a mais que no primeiro trimestre de 2024 (700 mil toneladas), gra\u00e7as \u00e0 cont\u00ednua evolu\u00e7\u00e3o operacional do Alto-Forno 3. O Ebitda ajustado atingiu R$ 70 milh\u00f5es, frente aos R$ 334 milh\u00f5es do trimestre anterior. Na minera\u00e7\u00e3o, a Usiminas produziu 1,9 milh\u00e3o de toneladas e caiu 1,1% em rela\u00e7\u00e3o aos tr\u00eas meses iniciais de 2024. As vendas atingiram 2 milh\u00f5es de toneladas, 2,7% superior na compara\u00e7\u00e3o com o primeiro trimestre, enquanto o Ebitda ajustado ficou em R$ 156 milh\u00f5es, um crescimento de 89,1% sobre o primeiro trimestre do ano (R$ 83 milh\u00f5es).<\/p>\n<p>\t\t\t\t\t\t\t\t\t<img loading=\"lazy\" decoding=\"async\" src=\"https:\/\/brasil61.com\/api\/v1\/serve_pixel\/17677\/73685\" alt=\"Pixel Brasil 61\" class=\"b61_pixel\" width=\"0\" height=\"0\"><\/p>\n<input type=\"hidden\" id=\"baseurl\" value=\"https:\/\/noticiasdestaque.com.br\"><input type=\"hidden\" id=\"audio_nonce\" value=\"6a24ca502e\">","protected":false},"excerpt":{"rendered":"<p>O desempenho teve impacto da desvaloriza\u00e7\u00e3o do real frente ao d\u00f3lar e custos de mat\u00e9rias-primas<\/p>\n","protected":false},"author":1,"featured_media":42449,"comment_status":"open","ping_status":"open","sticky":false,"template":"","format":"standard","meta":{"fifu_image_url":"","fifu_image_alt":"","footnotes":""},"categories":[59],"tags":[],"class_list":["post-42448","post","type-post","status-publish","format-standard","has-post-thumbnail","hentry","category-economia"],"distributor_meta":false,"distributor_terms":false,"distributor_media":false,"distributor_original_site_name":"Noticias em Destaque","distributor_original_site_url":"https:\/\/noticiasdestaque.com.br","push-errors":false,"_links":{"self":[{"href":"https:\/\/noticiasdestaque.com.br\/index.php\/wp-json\/wp\/v2\/posts\/42448","targetHints":{"allow":["GET"]}}],"collection":[{"href":"https:\/\/noticiasdestaque.com.br\/index.php\/wp-json\/wp\/v2\/posts"}],"about":[{"href":"https:\/\/noticiasdestaque.com.br\/index.php\/wp-json\/wp\/v2\/types\/post"}],"author":[{"embeddable":true,"href":"https:\/\/noticiasdestaque.com.br\/index.php\/wp-json\/wp\/v2\/users\/1"}],"replies":[{"embeddable":true,"href":"https:\/\/noticiasdestaque.com.br\/index.php\/wp-json\/wp\/v2\/comments?post=42448"}],"version-history":[{"count":0,"href":"https:\/\/noticiasdestaque.com.br\/index.php\/wp-json\/wp\/v2\/posts\/42448\/revisions"}],"wp:featuredmedia":[{"embeddable":true,"href":"https:\/\/noticiasdestaque.com.br\/index.php\/wp-json\/wp\/v2\/media\/42449"}],"wp:attachment":[{"href":"https:\/\/noticiasdestaque.com.br\/index.php\/wp-json\/wp\/v2\/media?parent=42448"}],"wp:term":[{"taxonomy":"category","embeddable":true,"href":"https:\/\/noticiasdestaque.com.br\/index.php\/wp-json\/wp\/v2\/categories?post=42448"},{"taxonomy":"post_tag","embeddable":true,"href":"https:\/\/noticiasdestaque.com.br\/index.php\/wp-json\/wp\/v2\/tags?post=42448"}],"curies":[{"name":"wp","href":"https:\/\/api.w.org\/{rel}","templated":true}]}}