{"id":42414,"date":"2025-03-14T18:00:00","date_gmt":"2025-03-14T21:00:00","guid":{"rendered":"https:\/\/noticiasdestaque.com.br\/index.php\/2025\/03\/14\/previsao-do-tempo-sudeste-tera-muitas-nuvens-e-chuvas-intensas-neste-sabado-15\/"},"modified":"2025-03-14T18:00:00","modified_gmt":"2025-03-14T21:00:00","slug":"previsao-do-tempo-sudeste-tera-muitas-nuvens-e-chuvas-intensas-neste-sabado-15","status":"publish","type":"post","link":"https:\/\/noticiasdestaque.com.br\/index.php\/2025\/03\/14\/previsao-do-tempo-sudeste-tera-muitas-nuvens-e-chuvas-intensas-neste-sabado-15\/","title":{"rendered":"PREVIS\u00c3O DO TEMPO: Sudeste ter\u00e1 muitas nuvens e chuvas intensas, neste s\u00e1bado (15)"},"content":{"rendered":"<p>\t\t\t\t\t\t\t\t\t\t<audio controls class=\"b61_audio_player\" data-noticia=\"80779\" src=\"https:\/\/brasil61.com\/rails\/active_storage\/blobs\/eyJfcmFpbHMiOnsibWVzc2FnZSI6IkJBaHBBeTA5QXc9PSIsImV4cCI6bnVsbCwicHVyIjoiYmxvYl9pZCJ9fQ==--1307e69542a53703c65d34f18d05390fe0c9afd2\/PTSD253999A\"><\/audio><\/p>\n<p>A Regi\u00e3o Sudeste ter\u00e1 muitas nuvens e chuvas intensas, neste s\u00e1bado (15). O alerta de perigo potencial, com chuva at\u00e9 50 mm, cobre SP, RJ, ES e MG, ao longo do dia.<\/p>\n<p>As \u00e1reas afetadas ser\u00e3o\u00a0todo estado de SP,\u00a0Noroeste, Oeste, Sul\/Sudoeste de Minas,\u00a0Tri\u00e2ngulo Mineiro e\u00a0Central mineira, bem como\u00a0Metropolitana do Rio de Janeiro, Norte, Sul, Centro e\u00a0Noroeste fluminense, al\u00e9m das regi\u00f5es Sul e Central esp\u00edrito-santense.<\/p>\n<p>Manh\u00e3 com muitas nuvens em MG e ES\u00a0e com chuva no RJ e em SP. \u00c0\u00a0tarde deve ter pancadas de chuva, exceto no estado mineiro.<\/p>\n<p>Entre as capitais, a temperatura m\u00ednima prevista\u00a0\u00e9 de 17\u00b0C, em S\u00e3o Paulo. J\u00e1 a m\u00e1xima pode chegar a 34\u00b0C, em Vit\u00f3ria.\u00a0<\/p>\n<p>As informa\u00e7\u00f5es s\u00e3o do Instituto Nacional de Meteorologia. \u00a0<\/p>\n<p>\t\t\t\t\t\t\t\t\t<img loading=\"lazy\" decoding=\"async\" src=\"https:\/\/brasil61.com\/api\/v1\/serve_pixel\/17677\/80779\" alt=\"Pixel Brasil 61\" class=\"b61_pixel\" width=\"0\" height=\"0\"><\/p>\n<input type=\"hidden\" id=\"baseurl\" value=\"https:\/\/noticiasdestaque.com.br\"><input type=\"hidden\" id=\"audio_nonce\" value=\"6f73a554f1\">","protected":false},"excerpt":{"rendered":"<p>Alerta cobre SP, RJ, ES e MG<\/p>\n","protected":false},"author":1,"featured_media":42415,"comment_status":"open","ping_status":"open","sticky":false,"template":"","format":"standard","meta":{"fifu_image_url":"","fifu_image_alt":"","footnotes":""},"categories":[58],"tags":[],"class_list":["post-42414","post","type-post","status-publish","format-standard","has-post-thumbnail","hentry","category-cotidiano"],"distributor_meta":false,"distributor_terms":false,"distributor_media":false,"distributor_original_site_name":"Noticias em Destaque","distributor_original_site_url":"https:\/\/noticiasdestaque.com.br","push-errors":false,"_links":{"self":[{"href":"https:\/\/noticiasdestaque.com.br\/index.php\/wp-json\/wp\/v2\/posts\/42414","targetHints":{"allow":["GET"]}}],"collection":[{"href":"https:\/\/noticiasdestaque.com.br\/index.php\/wp-json\/wp\/v2\/posts"}],"about":[{"href":"https:\/\/noticiasdestaque.com.br\/index.php\/wp-json\/wp\/v2\/types\/post"}],"author":[{"embeddable":true,"href":"https:\/\/noticiasdestaque.com.br\/index.php\/wp-json\/wp\/v2\/users\/1"}],"replies":[{"embeddable":true,"href":"https:\/\/noticiasdestaque.com.br\/index.php\/wp-json\/wp\/v2\/comments?post=42414"}],"version-history":[{"count":0,"href":"https:\/\/noticiasdestaque.com.br\/index.php\/wp-json\/wp\/v2\/posts\/42414\/revisions"}],"wp:featuredmedia":[{"embeddable":true,"href":"https:\/\/noticiasdestaque.com.br\/index.php\/wp-json\/wp\/v2\/media\/42415"}],"wp:attachment":[{"href":"https:\/\/noticiasdestaque.com.br\/index.php\/wp-json\/wp\/v2\/media?parent=42414"}],"wp:term":[{"taxonomy":"category","embeddable":true,"href":"https:\/\/noticiasdestaque.com.br\/index.php\/wp-json\/wp\/v2\/categories?post=42414"},{"taxonomy":"post_tag","embeddable":true,"href":"https:\/\/noticiasdestaque.com.br\/index.php\/wp-json\/wp\/v2\/tags?post=42414"}],"curies":[{"name":"wp","href":"https:\/\/api.w.org\/{rel}","templated":true}]}}