{"id":42387,"date":"2025-03-29T00:04:00","date_gmt":"2025-03-29T03:04:00","guid":{"rendered":"https:\/\/noticiasdestaque.com.br\/index.php\/2025\/03\/29\/moda-design-e-sustentabilidade-marca-leva-roupas-de-algodao-colorido-da-paraiba-para-o-mundo\/"},"modified":"2025-03-29T00:04:00","modified_gmt":"2025-03-29T03:04:00","slug":"moda-design-e-sustentabilidade-marca-leva-roupas-de-algodao-colorido-da-paraiba-para-o-mundo","status":"publish","type":"post","link":"https:\/\/noticiasdestaque.com.br\/index.php\/2025\/03\/29\/moda-design-e-sustentabilidade-marca-leva-roupas-de-algodao-colorido-da-paraiba-para-o-mundo\/","title":{"rendered":"Moda, design e sustentabilidade: marca leva roupas de algod\u00e3o colorido da Para\u00edba para o mundo"},"content":{"rendered":"<p>\t\t\t\t\t\t\t\t\t\t<audio controls class=\"b61_audio_player\" data-noticia=\"80884\" src=\"https:\/\/brasil61.com\/rails\/active_storage\/blobs\/eyJfcmFpbHMiOnsibWVzc2FnZSI6IkJBaHBBOTFCQXc9PSIsImV4cCI6bnVsbCwicHVyIjoiYmxvYl9pZCJ9fQ==--1dc8c6c0497353ad2b3a621608bb42b72c275686\/APEX250055A\"><\/audio><\/p>\n<p>Uma empresa de moda inovadora, que mistura, em pe\u00e7as como vestidos, jaquetas e len\u00e7os, um design contempor\u00e2neo com aviamentos e acess\u00f3rios desenvolvidos por artes\u00e3os da Para\u00edba \u2014 tudo isso sobre uma tecelagem feita de algod\u00e3o colorido org\u00e2nico. O nome da marca \u00e9 em ingl\u00eas e traduz o significado do que prop\u00f5e: Natural Cotton Color. Um grupo formado por pequenas empresas paraibanas que criam pe\u00e7as com a mesma mat\u00e9ria-prima, o algod\u00e3o colorido.<\/p>\n<p>A fundadora e CEO da Natural Cotton Color, Francisca Vieira, enxergou neste produto \u2014 cujas plumas j\u00e1 nascem com a cor do produto final \u2014 uma oportunidade de desenvolver um projeto de moda diferenciado, com olhos para o mercado internacional. Na mesma \u00e9poca, Francisca conheceu o Texbrasil. Parceria entre a Ag\u00eancia Brasileira de Promo\u00e7\u00e3o de Exporta\u00e7\u00f5es (ApexBrasil) e a Associa\u00e7\u00e3o Brasileira da Ind\u00fastria T\u00eaxtil e de Confec\u00e7\u00e3o (ABIT), o programa promove empresas brasileiras do setor interessadas em vender para o exterior.<\/p>\n<p>Os produtos tiveram boa aceita\u00e7\u00e3o j\u00e1 nas primeiras feiras de moda \u2014 em Paris e Londres \u2014 mas o cliente de fora exigia mais, como certifica\u00e7\u00f5es internacionais e mais qualidade nos acabamentos, lembra Francisca. O que impulsionou a Natural Cotton Color a desenvolver pe\u00e7as cada vez mais elaboradas e a buscar a primeira certifica\u00e7\u00e3o com aceita\u00e7\u00e3o internacional.<\/p>\n<p>Tudo isso fez com que a empresa chegasse a mais de 10 pa\u00edses, tendo como principais compradores Fran\u00e7a, Alemanha e It\u00e1lia. Expans\u00e3o que s\u00f3 foi poss\u00edvel porque a ApexBrasil esteve sempre ao lado, conta Francisca: \u201cA Natural Cotton Color foi feita a quatro m\u00e3os. Duas m\u00e3os, claro, s\u00e3o da Francisca Vieira e as outras duas s\u00e3o do programa da ApexBrasil.\u201d<\/p>\n<h2>TexBrasil<\/h2>\n<p>A Natural Cotton Color foi uma das empresas que participou do Programa de Internacionaliza\u00e7\u00e3o da Ind\u00fastria T\u00eaxtil e de Moda Brasileira (Texbrasil). O programa atua junto \u00e0s empresas do setor t\u00eaxtil e de confec\u00e7\u00e3o no desenvolvimento de estrat\u00e9gias para conquistar o mercado global.<\/p>\n<p>Cerca de 2 mil marcas j\u00e1 exportaram com a ajuda do programa, gerando quase US$ 10 bilh\u00f5es em neg\u00f3cios. \u201cQuando a gente conta l\u00e1 fora sobre os programas que a ApexBrasil tem, nenhum pa\u00eds tem isso. Mas \u00e9 claro que a ApexBrasil \u00e9 imprescind\u00edvel para a exporta\u00e7\u00e3o da moda brasileira\u201d, destaca Francisca.<\/p>\n<p>Para mais informa\u00e7\u00f5es sobre esse e outros programas da ApexBrasil, acesse <a href=\"http:\/\/www.apexbrasil.com.br\/solucoes\">www.apexbrasil.com.br\/solucoes<\/a>.<\/p>\n<p>\t\t\t\t\t\t\t\t\t<img loading=\"lazy\" decoding=\"async\" src=\"https:\/\/brasil61.com\/api\/v1\/serve_pixel\/17677\/80884\" alt=\"Pixel Brasil 61\" class=\"b61_pixel\" width=\"0\" height=\"0\"><\/p>\n<input type=\"hidden\" id=\"baseurl\" value=\"https:\/\/noticiasdestaque.com.br\"><input type=\"hidden\" id=\"audio_nonce\" value=\"6f73a554f1\">","protected":false},"excerpt":{"rendered":"<p>Francisca Vieira, CEO da Natural Cotton Color, conta como a marca de vestu\u00e1rio de moda ecol\u00f3gica e sustent\u00e1vel ganhou mercados em mais de 10 pa\u00edses<\/p>\n","protected":false},"author":1,"featured_media":42388,"comment_status":"open","ping_status":"open","sticky":false,"template":"","format":"standard","meta":{"fifu_image_url":"","fifu_image_alt":"","footnotes":""},"categories":[48],"tags":[],"class_list":["post-42387","post","type-post","status-publish","format-standard","has-post-thumbnail","hentry","category-mundo"],"distributor_meta":false,"distributor_terms":false,"distributor_media":false,"distributor_original_site_name":"Noticias em Destaque","distributor_original_site_url":"https:\/\/noticiasdestaque.com.br","push-errors":false,"_links":{"self":[{"href":"https:\/\/noticiasdestaque.com.br\/index.php\/wp-json\/wp\/v2\/posts\/42387","targetHints":{"allow":["GET"]}}],"collection":[{"href":"https:\/\/noticiasdestaque.com.br\/index.php\/wp-json\/wp\/v2\/posts"}],"about":[{"href":"https:\/\/noticiasdestaque.com.br\/index.php\/wp-json\/wp\/v2\/types\/post"}],"author":[{"embeddable":true,"href":"https:\/\/noticiasdestaque.com.br\/index.php\/wp-json\/wp\/v2\/users\/1"}],"replies":[{"embeddable":true,"href":"https:\/\/noticiasdestaque.com.br\/index.php\/wp-json\/wp\/v2\/comments?post=42387"}],"version-history":[{"count":0,"href":"https:\/\/noticiasdestaque.com.br\/index.php\/wp-json\/wp\/v2\/posts\/42387\/revisions"}],"wp:featuredmedia":[{"embeddable":true,"href":"https:\/\/noticiasdestaque.com.br\/index.php\/wp-json\/wp\/v2\/media\/42388"}],"wp:attachment":[{"href":"https:\/\/noticiasdestaque.com.br\/index.php\/wp-json\/wp\/v2\/media?parent=42387"}],"wp:term":[{"taxonomy":"category","embeddable":true,"href":"https:\/\/noticiasdestaque.com.br\/index.php\/wp-json\/wp\/v2\/categories?post=42387"},{"taxonomy":"post_tag","embeddable":true,"href":"https:\/\/noticiasdestaque.com.br\/index.php\/wp-json\/wp\/v2\/tags?post=42387"}],"curies":[{"name":"wp","href":"https:\/\/api.w.org\/{rel}","templated":true}]}}