{"id":42375,"date":"2024-11-18T18:00:00","date_gmt":"2024-11-18T21:00:00","guid":{"rendered":"https:\/\/noticiasdestaque.com.br\/index.php\/2024\/11\/18\/g20-como-funciona-a-cupula-que-reune-os-maiores-lideres-mundiais\/"},"modified":"2024-11-18T18:00:00","modified_gmt":"2024-11-18T21:00:00","slug":"g20-como-funciona-a-cupula-que-reune-os-maiores-lideres-mundiais","status":"publish","type":"post","link":"https:\/\/noticiasdestaque.com.br\/index.php\/2024\/11\/18\/g20-como-funciona-a-cupula-que-reune-os-maiores-lideres-mundiais\/","title":{"rendered":"G20: como funciona a c\u00fapula que re\u00fane os maiores l\u00edderes mundiais?"},"content":{"rendered":"<p>\t\t\t\t\t\t\t\t\t\t<audio controls class=\"b61_audio_player\" data-noticia=\"78576\" src=\"https:\/\/brasil61.com\/rails\/active_storage\/blobs\/eyJfcmFpbHMiOnsibWVzc2FnZSI6IkJBaHBBNXdTQXc9PSIsImV4cCI6bnVsbCwicHVyIjoiYmxvYl9pZCJ9fQ==--e44246a8abeace09529c33674828113f485bd429\/BRAS2413028A\"><\/audio><\/p>\n<p>Representantes das 20 maiores economias do mundo est\u00e3o reunidos desde segunda (18) no Rio de Janeiro para discutir economia, sustentabilidade, sa\u00fade, agro e outros temas. Esta \u00e9 a primeira vez que o Brasil preside e recebe o G20 \u2014 grupo que surgiu em 1999 ap\u00f3s a crise financeira asi\u00e1tica \u2014 e que tem como membros pa\u00edses emergentes e desenvolvidos\u00a0que, juntos, representam 85% do Produto Interno Bruto do mundo e dois ter\u00e7os da popula\u00e7\u00e3o global.<\/p>\n<p>Um dos principais objetivos do encontro \u00e9 promover a coopera\u00e7\u00e3o, voltada sobretudo para quest\u00f5es econ\u00f4micas e sociais, com o objetivo de construir um mundo mais justo e sustent\u00e1vel para todos.<\/p>\n<h2>Objetivos<\/h2>\n<p><strong>Economia:<\/strong> Inicialmente os encontros do G20 tratavam essencialmente de economia, mas ao longo dos anos os temas foram se expandido. Ainda hoje, debater problemas econ\u00f4micos e financeiros de alcance global, como as crises financeiras, crescimento econ\u00f4mico sustent\u00e1vel, com\u00e9rcio internacional, infla\u00e7\u00e3o e emprego \u00e9 uma das prioridades dos pa\u00edses-membros.<\/p>\n<p><strong>Sustentabilidade e mudan\u00e7as clim\u00e1ticas<\/strong>: A pauta do desenvolvimento sustent\u00e1vel vem ganhando cada vez mais destaque nas reuni\u00f5es do G20. Os debates costumam girar em torno de como as na\u00e7\u00f5es podem promover \u00a0desenvolvimento sustent\u00e1vel, al\u00e9m de discutirem metas de redu\u00e7\u00e3o de emiss\u00f5es de gases de efeito estufa, promo\u00e7\u00e3o de energias renov\u00e1veis e o combate \u00e0 pobreza global.<\/p>\n<p><strong>Com\u00e9rcio e globaliza\u00e7\u00e3o:<\/strong> Medidas protecionistas est\u00e3o entre os principais temas debatidos neste t\u00f3pico, uma vez que a ado\u00e7\u00e3o delas pode prejudicar o desenvolvimento da economia global. Outros pontos debatidos no G20 incluem o com\u00e9rcio e a redu\u00e7\u00e3o de barreiras comerciais.<\/p>\n<p>Um outro grupo criado mais recentemente \u2014 o G20 Comercial \u2014 \u00a0e formado por pa\u00edses emergentes unidos para defender seus interesses no com\u00e9rcio internacional, especialmente no setor agr\u00edcola, trabalha por mais liberdade no com\u00e9rcio agr\u00edcola e pelo combate aos subs\u00eddios que distorcem o mercado.<\/p>\n<p><strong>Sa\u00fade:<\/strong> A pandemia de Covid-19 aumentou a preocupa\u00e7\u00e3o das lideran\u00e7as mundiais com a quest\u00e3o da sa\u00fade e das pol\u00edticas p\u00fablicas que envolvem o tema. O G20 tamb\u00e9m tem se debru\u00e7ado sobre o assunto, debatendo temas como a distribui\u00e7\u00e3o de vacinas e a recupera\u00e7\u00e3o econ\u00f4mica p\u00f3s-pandemia.<\/p>\n<h2>Poss\u00edveis resultados de uma reuni\u00e3o do G20<\/h2>\n<p><strong>Compromissos e acordos:<\/strong> \u00a0Declara\u00e7\u00f5es conjuntas com compromissos e acordos firmados est\u00e3o entre os principais resultados do encontro. Os temas de destaque podem resultar em novas diretrizes para o cumprimento conjunto das mudan\u00e7as propostas pelos pa\u00edses-membros.\u00a0<\/p>\n<p><strong>Governan\u00e7a e resposta a crises internacionais: <\/strong>Nas \u00faltimas edi\u00e7\u00f5es, o G20 trabalhou em reformas em organiza\u00e7\u00f5es internacionais \u2014 como o Fundo Monet\u00e1rio Internacional e o Banco Mundial \u2014 pensadas para otimizar o poder econ\u00f4mico de pa\u00edses emergentes, como o Brasil.\u00a0<\/p>\n<p>Outro resultado importante que costuma sair desses encontros \u00e9 a coordena\u00e7\u00e3o para resposta a crises externas. Guerras, conflitos geopol\u00edticos que resultam em falta de alimentos e energia, podem encontrar sa\u00eddas no debate em busca de\u00a0solu\u00e7\u00f5es cooperativas.<\/p>\n<h2>A\u00e7\u00f5es do Brasil na lideran\u00e7a<\/h2>\n<p>Duas das a\u00e7\u00f5es criadas pelo Brasil \u00e0 frente da presid\u00eancia do G20 desde 2023\u00a0s\u00e3o a Alian\u00e7a Global de Combate \u00e0 Fome e \u00e0 Pobreza e a Mobiliza\u00e7\u00e3o Global contra a Mudan\u00e7a Clim\u00e1tica \u2014 prioridades entre os temas desta edi\u00e7\u00e3o.<\/p>\n<p>A Alian\u00e7a Global contra a Fome e a Pobreza busca a erradica\u00e7\u00e3o da fome e da pobreza extrema em n\u00edvel global. Para isso, concentra esfor\u00e7os em pol\u00edticas, programas e a\u00e7\u00f5es que busquem garantir a seguran\u00e7a alimentar e promover o desenvolvimento sustent\u00e1vel<br \/>\n\u00a0<\/p>\n<p>\t\t\t\t\t\t\t\t\t<img loading=\"lazy\" decoding=\"async\" src=\"https:\/\/brasil61.com\/api\/v1\/serve_pixel\/17677\/78576\" alt=\"Pixel Brasil 61\" class=\"b61_pixel\" width=\"0\" height=\"0\"><\/p>\n<input type=\"hidden\" id=\"baseurl\" value=\"https:\/\/noticiasdestaque.com.br\"><input type=\"hidden\" id=\"audio_nonce\" value=\"581f3017e1\">","protected":false},"excerpt":{"rendered":"<p>Declara\u00e7\u00f5es, compromissos internacionais, acordos sobre pol\u00edticas econ\u00f4micas e iniciativas de desenvolvimento sustent\u00e1vel est\u00e3o entre as pautas do encontro <\/p>\n","protected":false},"author":1,"featured_media":42376,"comment_status":"open","ping_status":"open","sticky":false,"template":"","format":"standard","meta":{"fifu_image_url":"","fifu_image_alt":"","footnotes":""},"categories":[48],"tags":[],"class_list":["post-42375","post","type-post","status-publish","format-standard","has-post-thumbnail","hentry","category-mundo"],"distributor_meta":false,"distributor_terms":false,"distributor_media":false,"distributor_original_site_name":"Noticias em Destaque","distributor_original_site_url":"https:\/\/noticiasdestaque.com.br","push-errors":false,"_links":{"self":[{"href":"https:\/\/noticiasdestaque.com.br\/index.php\/wp-json\/wp\/v2\/posts\/42375","targetHints":{"allow":["GET"]}}],"collection":[{"href":"https:\/\/noticiasdestaque.com.br\/index.php\/wp-json\/wp\/v2\/posts"}],"about":[{"href":"https:\/\/noticiasdestaque.com.br\/index.php\/wp-json\/wp\/v2\/types\/post"}],"author":[{"embeddable":true,"href":"https:\/\/noticiasdestaque.com.br\/index.php\/wp-json\/wp\/v2\/users\/1"}],"replies":[{"embeddable":true,"href":"https:\/\/noticiasdestaque.com.br\/index.php\/wp-json\/wp\/v2\/comments?post=42375"}],"version-history":[{"count":0,"href":"https:\/\/noticiasdestaque.com.br\/index.php\/wp-json\/wp\/v2\/posts\/42375\/revisions"}],"wp:featuredmedia":[{"embeddable":true,"href":"https:\/\/noticiasdestaque.com.br\/index.php\/wp-json\/wp\/v2\/media\/42376"}],"wp:attachment":[{"href":"https:\/\/noticiasdestaque.com.br\/index.php\/wp-json\/wp\/v2\/media?parent=42375"}],"wp:term":[{"taxonomy":"category","embeddable":true,"href":"https:\/\/noticiasdestaque.com.br\/index.php\/wp-json\/wp\/v2\/categories?post=42375"},{"taxonomy":"post_tag","embeddable":true,"href":"https:\/\/noticiasdestaque.com.br\/index.php\/wp-json\/wp\/v2\/tags?post=42375"}],"curies":[{"name":"wp","href":"https:\/\/api.w.org\/{rel}","templated":true}]}}