{"id":42328,"date":"2025-04-07T00:02:00","date_gmt":"2025-04-07T03:02:00","guid":{"rendered":"https:\/\/noticiasdestaque.com.br\/index.php\/2025\/04\/07\/reforma-tributaria-e-anistia-seguem-em-pauta-no-congresso\/"},"modified":"2025-04-07T00:02:00","modified_gmt":"2025-04-07T03:02:00","slug":"reforma-tributaria-e-anistia-seguem-em-pauta-no-congresso","status":"publish","type":"post","link":"https:\/\/noticiasdestaque.com.br\/index.php\/2025\/04\/07\/reforma-tributaria-e-anistia-seguem-em-pauta-no-congresso\/","title":{"rendered":"Reforma Tribut\u00e1ria e anistia seguem em pauta no Congresso"},"content":{"rendered":"<p>\t\t\t\t\t\t\t\t\t\t<audio controls class=\"b61_audio_player\" data-noticia=\"81202\" src=\"https:\/\/brasil61.com\/rails\/active_storage\/blobs\/eyJfcmFpbHMiOnsibWVzc2FnZSI6IkJBaHBBOFZFQXc9PSIsImV4cCI6bnVsbCwicHVyIjoiYmxvYl9pZCJ9fQ==--823e72584abf4854687fd32d61a95849f74f2b1d\/BRAS2513750A\"><\/audio><\/p>\n<p>A semana no Congresso inicia com a continuidade dos assuntos que come\u00e7aram a ser debatidos na semana passada, como a regulamenta\u00e7\u00e3o do segundo texto da Reforma Tribut\u00e1ria e a anistia aos presos do 8 de janeiro.\u00a0\u00a0<br \/>\n\u00a0<br \/>\nO pedido de urg\u00eancia para votar o projeto de anistia continua sendo motivo de pol\u00eamica. Enquanto o l\u00edder da oposi\u00e7\u00e3o dizia j\u00e1 ter o n\u00famero necess\u00e1rio de assinaturas para come\u00e7ar a votar o projeto, as lideran\u00e7as do centr\u00e3o se mostravam resistentes em assentar a urg\u00eancia, justamente por n\u00e3o concordarem com a proposta. Diante da pol\u00eamica e para tentar conseguir o que quer, o PL deve mudar de estrat\u00e9gia essa semana e come\u00e7ar a recolher assinaturas dos parlamentares uma a uma. \u00a0<\/p>\n<h2>Debates sobre o \u201ctarifa\u00e7o\u201d de Trump<\/h2>\n<p>Outro assunto que deve tomar tempo dos parlamentares essa semana \u00e9 sobre a reciprocidade nas tarifas impostas pelo presidente americano Donald Trump aos produtos importados. Para o cientista pol\u00edtico Eduardo Grin, um assunto inusitado, que acabou unindo bolsonaristas e governo.\u00a0<\/p>\n<p>\u201cO assunto ainda n\u00e3o teve tempo de ser debatido no Congresso, mas creio que esta semana as consequ\u00eancias e medidas de reciprocidade devem entrar na pauta\u201d, acredita o especialista.\u00a0<\/p>\n<h2>Reforma Tribut\u00e1ria, revis\u00e3o da Lei da Ficha Limpa e Isen\u00e7\u00e3o do IR<\/h2>\n<p>Outra pauta que segue no debate \u00e9 sobre o segundo texto que regulamenta a Reforma Tribut\u00e1ria. O comit\u00ea gestor do novo imposto sobre bens e servi\u00e7os, o IBS, precisa ser definido at\u00e9 o fim deste ano, j\u00e1 que no come\u00e7o de 2026 entra em vigor o per\u00edodo de transi\u00e7\u00e3o da reforma.\u00a0<\/p>\n<p>A revis\u00e3o da Lei da Ficha Limpa, que come\u00e7ou a ser debatida no ano passado, volta a ganhar destaque esta semana, acredita o cientista pol\u00edtico Eduardo Grin. \u201cIsso deve ser olhado por dois aspectos, Qual \u00e9 o prazo que os candidatos devem ficar ineleg\u00edveis e sobre quando\u00a0come\u00e7a a contar a condena\u00e7\u00e3o \u2014 se ap\u00f3s expedida a decis\u00e3o do juiz, ou quando ele se tornou o r\u00e9u.\u201d\u00a0<\/p>\n<p>O especialista ainda explica que esses debates ter\u00e3o impacto direto nas elei\u00e7\u00f5es de 2026, uma vez que o ex-presidente Bolsonaro pode deixar de ser ineleg\u00edvel e se tornar candidato no ano que vem, a depender\u00a0do que mudar na Lei..\u00a0<\/p>\n<p>O projeto apresentado pelo governo que isenta do Imposto de Renda quem ganha at\u00e9 R$ 5 mil mensais deve voltar ao debate. O ex-presidente da C\u00e2mara, Arthur Lira (PP\/AL), foi o escolhido pelo atual presidente Hugo Motta (Republicanos\/PB) para ser o relator da mat\u00e9ria, o que deve manter as luzes acesas ao redor do assunto.<br \/>\n\u00a0<\/p>\n<p>\t\t\t\t\t\t\t\t\t<img loading=\"lazy\" decoding=\"async\" src=\"https:\/\/brasil61.com\/api\/v1\/serve_pixel\/17677\/81202\" alt=\"Pixel Brasil 61\" class=\"b61_pixel\" width=\"0\" height=\"0\"><\/p>\n<input type=\"hidden\" id=\"baseurl\" value=\"https:\/\/noticiasdestaque.com.br\"><input type=\"hidden\" id=\"audio_nonce\" value=\"6f73a554f1\">","protected":false},"excerpt":{"rendered":"<p>Com uni\u00e3o entre governo e oposi\u00e7\u00e3o, conversas sobre \u201ctarifa\u00e7o\u201d de Trump tamb\u00e9m ganham destaque no Legislativo <\/p>\n","protected":false},"author":1,"featured_media":42329,"comment_status":"open","ping_status":"open","sticky":false,"template":"","format":"standard","meta":{"fifu_image_url":"","fifu_image_alt":"","footnotes":""},"categories":[50],"tags":[],"class_list":["post-42328","post","type-post","status-publish","format-standard","has-post-thumbnail","hentry","category-politica"],"distributor_meta":false,"distributor_terms":false,"distributor_media":false,"distributor_original_site_name":"Noticias em Destaque","distributor_original_site_url":"https:\/\/noticiasdestaque.com.br","push-errors":false,"_links":{"self":[{"href":"https:\/\/noticiasdestaque.com.br\/index.php\/wp-json\/wp\/v2\/posts\/42328","targetHints":{"allow":["GET"]}}],"collection":[{"href":"https:\/\/noticiasdestaque.com.br\/index.php\/wp-json\/wp\/v2\/posts"}],"about":[{"href":"https:\/\/noticiasdestaque.com.br\/index.php\/wp-json\/wp\/v2\/types\/post"}],"author":[{"embeddable":true,"href":"https:\/\/noticiasdestaque.com.br\/index.php\/wp-json\/wp\/v2\/users\/1"}],"replies":[{"embeddable":true,"href":"https:\/\/noticiasdestaque.com.br\/index.php\/wp-json\/wp\/v2\/comments?post=42328"}],"version-history":[{"count":0,"href":"https:\/\/noticiasdestaque.com.br\/index.php\/wp-json\/wp\/v2\/posts\/42328\/revisions"}],"wp:featuredmedia":[{"embeddable":true,"href":"https:\/\/noticiasdestaque.com.br\/index.php\/wp-json\/wp\/v2\/media\/42329"}],"wp:attachment":[{"href":"https:\/\/noticiasdestaque.com.br\/index.php\/wp-json\/wp\/v2\/media?parent=42328"}],"wp:term":[{"taxonomy":"category","embeddable":true,"href":"https:\/\/noticiasdestaque.com.br\/index.php\/wp-json\/wp\/v2\/categories?post=42328"},{"taxonomy":"post_tag","embeddable":true,"href":"https:\/\/noticiasdestaque.com.br\/index.php\/wp-json\/wp\/v2\/tags?post=42328"}],"curies":[{"name":"wp","href":"https:\/\/api.w.org\/{rel}","templated":true}]}}