{"id":42326,"date":"2025-04-07T00:40:00","date_gmt":"2025-04-07T03:40:00","guid":{"rendered":"https:\/\/noticiasdestaque.com.br\/index.php\/2025\/04\/07\/ibovespa-concluiu-ultima-sessao-em-queda-de-296\/"},"modified":"2025-04-07T00:40:00","modified_gmt":"2025-04-07T03:40:00","slug":"ibovespa-concluiu-ultima-sessao-em-queda-de-296","status":"publish","type":"post","link":"https:\/\/noticiasdestaque.com.br\/index.php\/2025\/04\/07\/ibovespa-concluiu-ultima-sessao-em-queda-de-296\/","title":{"rendered":"Ibovespa concluiu \u00faltima sess\u00e3o em queda de 2,96%"},"content":{"rendered":"<p>\t\t\t\t\t\t\t\t\t\t<audio controls class=\"b61_audio_player\" data-noticia=\"81206\" src=\"https:\/\/brasil61.com\/rails\/active_storage\/blobs\/eyJfcmFpbHMiOnsibWVzc2FnZSI6IkJBaHBBOHRFQXc9PSIsImV4cCI6bnVsbCwicHVyIjoiYmxvYl9pZCJ9fQ==--0688aad5ce1094517cbe38c0798ddfb2c1480968\/BRAS2513753A\"><\/audio><\/p>\n<p>O \u00edndice de bolsa de valores brasileira (Ibovespa) concluiu a \u00faltima sess\u00e3o aos 127.256 pontos, ap\u00f3s uma queda de 2,96%. Foi o maior recuo desde 18 de dezembro do ano passado.\u00a0<\/p>\n<p>O resultado veio em meio aos temores de desacelera\u00e7\u00e3o global por conta da retalia\u00e7\u00e3o de 34% sobre os produtos americanos pela China.\u00a0<\/p>\n<p>No preg\u00e3o, as a\u00e7\u00f5es com maiores quedas foram do BRB e da Brava, com respectivas baixas de 15,38% e 12,92%.\u00a0<\/p>\n<p>J\u00e1 as maiores altas foram de a\u00e7\u00f5es do Carrefour e da Paranapanema, com eleva\u00e7\u00f5es de 10,77% e 7,91%, respectivamente.\u00a0<\/p>\n<p>O volume total negociado na B3 foi de R$ 31,7 bilh\u00f5es,\u00a0entre 5 milh\u00f5es de neg\u00f3cios.\u00a0<\/p>\n<p>Os dados podem ser consultados no site da B3.\u00a0<br \/>\n\u00a0<\/p>\n<p>\t\t\t\t\t\t\t\t\t<img loading=\"lazy\" decoding=\"async\" src=\"https:\/\/brasil61.com\/api\/v1\/serve_pixel\/17677\/81206\" alt=\"Pixel Brasil 61\" class=\"b61_pixel\" width=\"0\" height=\"0\"><\/p>\n<input type=\"hidden\" id=\"baseurl\" value=\"https:\/\/noticiasdestaque.com.br\"><input type=\"hidden\" id=\"audio_nonce\" value=\"6f73a554f1\">","protected":false},"excerpt":{"rendered":"<p>O resultado veio em meio aos temores de desacelera\u00e7\u00e3o global por conta da retalia\u00e7\u00e3o de 34% sobre os produtos americanos pela China<\/p>\n","protected":false},"author":1,"featured_media":42327,"comment_status":"open","ping_status":"open","sticky":false,"template":"","format":"standard","meta":{"fifu_image_url":"","fifu_image_alt":"","footnotes":""},"categories":[59],"tags":[],"class_list":["post-42326","post","type-post","status-publish","format-standard","has-post-thumbnail","hentry","category-economia"],"distributor_meta":false,"distributor_terms":false,"distributor_media":false,"distributor_original_site_name":"Noticias em Destaque","distributor_original_site_url":"https:\/\/noticiasdestaque.com.br","push-errors":false,"_links":{"self":[{"href":"https:\/\/noticiasdestaque.com.br\/index.php\/wp-json\/wp\/v2\/posts\/42326","targetHints":{"allow":["GET"]}}],"collection":[{"href":"https:\/\/noticiasdestaque.com.br\/index.php\/wp-json\/wp\/v2\/posts"}],"about":[{"href":"https:\/\/noticiasdestaque.com.br\/index.php\/wp-json\/wp\/v2\/types\/post"}],"author":[{"embeddable":true,"href":"https:\/\/noticiasdestaque.com.br\/index.php\/wp-json\/wp\/v2\/users\/1"}],"replies":[{"embeddable":true,"href":"https:\/\/noticiasdestaque.com.br\/index.php\/wp-json\/wp\/v2\/comments?post=42326"}],"version-history":[{"count":0,"href":"https:\/\/noticiasdestaque.com.br\/index.php\/wp-json\/wp\/v2\/posts\/42326\/revisions"}],"wp:featuredmedia":[{"embeddable":true,"href":"https:\/\/noticiasdestaque.com.br\/index.php\/wp-json\/wp\/v2\/media\/42327"}],"wp:attachment":[{"href":"https:\/\/noticiasdestaque.com.br\/index.php\/wp-json\/wp\/v2\/media?parent=42326"}],"wp:term":[{"taxonomy":"category","embeddable":true,"href":"https:\/\/noticiasdestaque.com.br\/index.php\/wp-json\/wp\/v2\/categories?post=42326"},{"taxonomy":"post_tag","embeddable":true,"href":"https:\/\/noticiasdestaque.com.br\/index.php\/wp-json\/wp\/v2\/tags?post=42326"}],"curies":[{"name":"wp","href":"https:\/\/api.w.org\/{rel}","templated":true}]}}