{"id":42269,"date":"2025-04-01T16:00:00","date_gmt":"2025-04-01T19:00:00","guid":{"rendered":"https:\/\/noticiasdestaque.com.br\/index.php\/2025\/04\/01\/voto-distrital-misto-entidade-ligada-a-associacoes-comerciais-defende-sistema-eleitoral\/"},"modified":"2025-04-01T16:00:00","modified_gmt":"2025-04-01T19:00:00","slug":"voto-distrital-misto-entidade-ligada-a-associacoes-comerciais-defende-sistema-eleitoral","status":"publish","type":"post","link":"https:\/\/noticiasdestaque.com.br\/index.php\/2025\/04\/01\/voto-distrital-misto-entidade-ligada-a-associacoes-comerciais-defende-sistema-eleitoral\/","title":{"rendered":"Voto Distrital Misto: entidade ligada a associa\u00e7\u00f5es comerciais defende sistema eleitoral"},"content":{"rendered":"<p>\t\t\t\t\t\t\t\t\t\t<audio controls class=\"b61_audio_player\" data-noticia=\"81124\" src=\"https:\/\/brasil61.com\/rails\/active_storage\/blobs\/eyJfcmFpbHMiOnsibWVzc2FnZSI6IkJBaHBBM3hEQXc9PSIsImV4cCI6bnVsbCwicHVyIjoiYmxvYl9pZCJ9fQ==--63cae9ef381297e27490fc38e7a07c694f33f4af\/BRAS2513730A\"><\/audio><\/p>\n<p>O Voto Distrital Misto voltou a ser pauta nos eventos que envolvem associa\u00e7\u00f5es comerciais. No \u00faltimo deles \u2014 o Encontro Nacional de Integra\u00e7\u00e3o do Associativismo \u2014 que ocorreu em Salvador (BA), o sistema eleitoral foi defendido pela Confedera\u00e7\u00e3o das Associa\u00e7\u00f5es Comerciais do Brasil (CACB). Para a institui\u00e7\u00e3o que representa mais de 2.300 associa\u00e7\u00f5es comerciais em mais de dois mil munic\u00edpios, a ado\u00e7\u00e3o do Voto Distrital Misto \u00e9 a solu\u00e7\u00e3o para melhorar a rela\u00e7\u00e3o entre eleitores e pol\u00edticos.\u00a0<\/p>\n<p>Para o presidente da CACB, Alfredo Cotait Neto, \u201cesse modelo harmoniza e tranquiliza o ambiente pol\u00edtico\u201d . Ele\u00a0ainda refor\u00e7ou a import\u00e2ncia de que os associados ao sistema trabalhem junto aos seus deputados para que o projeto seja votado at\u00e9 setembro deste ano. Segundo Cotait, s\u00f3 assim ser\u00e1 poss\u00edvel fazer a transforma\u00e7\u00e3o do sistema eleitoral.<\/p>\n<p>Tamb\u00e9m presente ao\u00a0evento, o primeiro a defender o Voto Distrital Misto foi o ex-deputado federal Afif Domingos, presidente de honra da CACB. \u00a0Afif Domingos destacou a import\u00e2ncia desse modelo para fortalecer o v\u00ednculo entre representantes e seus eleitores, argumentando que a falta dessa conex\u00e3o tem gerado um baixo senso de responsabilidade.\u00a0<\/p>\n<p>O presidente de honra ainda citou pesquisas que mostram que 64% dos brasileiros n\u00e3o lembram em quem votaram para deputados federais\u00a0e 66% desaprovam o trabalho deles.<\/p>\n<h2>O que \u00e9 o Voto Distrital Misto<\/h2>\n<p>O Voto Distrital Misto \u00e9 um sistema eleitoral onde cada distrito escolhe um \u00fanico representante, com base na maioria dos votos. Esse modelo \u00e9 utilizado para eleger vereadores e deputados, em regi\u00f5es menores e mais espec\u00edficas.<\/p>\n<p>Um dos principais benef\u00edcios do Voto Distrital Misto\u00a0 \u00e9 a redu\u00e7\u00e3o dos custos de campanha. Com foco em \u00e1reas limitadas, os candidatos podem direcionar seus esfor\u00e7os de maneira mais eficaz, tornando a disputa mais justa e financeiramente acess\u00edvel.<\/p>\n<p>No entanto, a ado\u00e7\u00e3o do Voto Distrital Misto exigir\u00e1 um processo de transi\u00e7\u00e3o cuidadoso, envolvendo um amplo debate tanto no \u00e2mbito legislativo quanto social.<\/p>\n<h2>Debate no Congresso\u00a0<\/h2>\n<p>O debate sobre esse sistema eleitoral \u00e9 antigo, o projeto sobre esse modelo j\u00e1 tramita no Congresso desde 2017. Para este ano, o presidente da C\u00e2mara dos Deputados, Hugo Motta (Republicanos\/PB), j\u00e1 anunciou que ser\u00e1 criada uma comiss\u00e3o especial, que ir\u00e1 discutir o tema.<br \/>\n\u00a0<\/p>\n<p>\t\t\t\t\t\t\t\t\t<img loading=\"lazy\" decoding=\"async\" src=\"https:\/\/brasil61.com\/api\/v1\/serve_pixel\/17677\/81124\" alt=\"Pixel Brasil 61\" class=\"b61_pixel\" width=\"0\" height=\"0\"><\/p>\n<input type=\"hidden\" id=\"baseurl\" value=\"https:\/\/noticiasdestaque.com.br\"><input type=\"hidden\" id=\"audio_nonce\" value=\"6f73a554f1\">","protected":false},"excerpt":{"rendered":"<p>Para a Confedera\u00e7\u00e3o das Associa\u00e7\u00f5es Comerciais do Brasil (CACB), a proposta ser\u00e1 capaz de melhorar a rela\u00e7\u00e3o entre eleitores e pol\u00edticos<\/p>\n","protected":false},"author":1,"featured_media":42270,"comment_status":"open","ping_status":"open","sticky":false,"template":"","format":"standard","meta":{"fifu_image_url":"","fifu_image_alt":"","footnotes":""},"categories":[50],"tags":[],"class_list":["post-42269","post","type-post","status-publish","format-standard","has-post-thumbnail","hentry","category-politica"],"distributor_meta":false,"distributor_terms":false,"distributor_media":false,"distributor_original_site_name":"Noticias em Destaque","distributor_original_site_url":"https:\/\/noticiasdestaque.com.br","push-errors":false,"_links":{"self":[{"href":"https:\/\/noticiasdestaque.com.br\/index.php\/wp-json\/wp\/v2\/posts\/42269","targetHints":{"allow":["GET"]}}],"collection":[{"href":"https:\/\/noticiasdestaque.com.br\/index.php\/wp-json\/wp\/v2\/posts"}],"about":[{"href":"https:\/\/noticiasdestaque.com.br\/index.php\/wp-json\/wp\/v2\/types\/post"}],"author":[{"embeddable":true,"href":"https:\/\/noticiasdestaque.com.br\/index.php\/wp-json\/wp\/v2\/users\/1"}],"replies":[{"embeddable":true,"href":"https:\/\/noticiasdestaque.com.br\/index.php\/wp-json\/wp\/v2\/comments?post=42269"}],"version-history":[{"count":0,"href":"https:\/\/noticiasdestaque.com.br\/index.php\/wp-json\/wp\/v2\/posts\/42269\/revisions"}],"wp:featuredmedia":[{"embeddable":true,"href":"https:\/\/noticiasdestaque.com.br\/index.php\/wp-json\/wp\/v2\/media\/42270"}],"wp:attachment":[{"href":"https:\/\/noticiasdestaque.com.br\/index.php\/wp-json\/wp\/v2\/media?parent=42269"}],"wp:term":[{"taxonomy":"category","embeddable":true,"href":"https:\/\/noticiasdestaque.com.br\/index.php\/wp-json\/wp\/v2\/categories?post=42269"},{"taxonomy":"post_tag","embeddable":true,"href":"https:\/\/noticiasdestaque.com.br\/index.php\/wp-json\/wp\/v2\/tags?post=42269"}],"curies":[{"name":"wp","href":"https:\/\/api.w.org\/{rel}","templated":true}]}}