{"id":42265,"date":"2025-04-01T17:00:00","date_gmt":"2025-04-01T20:00:00","guid":{"rendered":"https:\/\/noticiasdestaque.com.br\/index.php\/2025\/04\/01\/covid-19-registrados-51-mil-casos-e-46-obitos-na-se12-go-df-e-rr-tem-maiores-taxas-de-incidencia-no-periodo\/"},"modified":"2025-04-01T17:00:00","modified_gmt":"2025-04-01T20:00:00","slug":"covid-19-registrados-51-mil-casos-e-46-obitos-na-se12-go-df-e-rr-tem-maiores-taxas-de-incidencia-no-periodo","status":"publish","type":"post","link":"https:\/\/noticiasdestaque.com.br\/index.php\/2025\/04\/01\/covid-19-registrados-51-mil-casos-e-46-obitos-na-se12-go-df-e-rr-tem-maiores-taxas-de-incidencia-no-periodo\/","title":{"rendered":"Covid-19: registrados 5,1 mil casos e 46 \u00f3bitos na SE12; GO, DF e RR t\u00eam maiores taxas de incid\u00eancia no per\u00edodo"},"content":{"rendered":"<p>\t\t\t\t\t\t\t\t\t\t<audio controls class=\"b61_audio_player\" data-noticia=\"81126\" src=\"https:\/\/brasil61.com\/rails\/active_storage\/blobs\/eyJfcmFpbHMiOnsibWVzc2FnZSI6IkJBaHBBMHREQXc9PSIsImV4cCI6bnVsbCwicHVyIjoiYmxvYl9pZCJ9fQ==--a4b923d5bd6dc9a1ad6996d6cf82e44b2ad11a6b\/BRAS2513731A\"><\/audio><\/p>\n<p>At\u00e9 o dia 22 de mar\u00e7o foram registrados 164.438 casos de Covid-19 no pa\u00eds e 1.059 \u00f3bitos pela doen\u00e7a. Dados do<a href=\"https:\/\/www.gov.br\/saude\/pt-br\/assuntos\/saude-de-a-a-z\/c\/covid-19\/atualizacao-de-casos\/informe-se-12-de-2025.pdf\/view\" target=\"_blank\"> boletim da Semana Epidemiol\u00f3gica (SE) 12<\/a>, do Minist\u00e9rio da Sa\u00fade, indicam que, apenas nesta semana, 5.172 casos da doen\u00e7a foram confirmados e 46 pessoas morreram. O documento informa que, em compara\u00e7\u00e3o com a semana anterior, os casos recuaram 33,2%.<\/p>\n<p>J\u00e1 em rela\u00e7\u00e3o \u00e0 m\u00e9dia m\u00f3vel de \u00f3bitos, foi notada uma diminui\u00e7\u00e3o de 31,3% em compara\u00e7\u00e3o com a SE 11.\u00a0<\/p>\n<p>Entre as unidades da federa\u00e7\u00e3o que apresentaram maior taxa de incid\u00eancia no per\u00edodo est\u00e3o Goi\u00e1s, Distrito Federal, Roraima, Tocantins e Acre, com varia\u00e7\u00e3o entre 7,7 a 34,7 casos por 100 mil habitantes.<\/p>\n<p><a href=\"https:\/\/brasil61.com\/painelcovid\">Casos e \u00f3bitos por Covid-19 no Brasil: clique e acesse painel interativo do Brasil 61 com base dos dados do Minist\u00e9rio da Sa\u00fade<\/a><\/p>\n<h2>S\u00edndrome Respirat\u00f3ria Aguda Grave<\/h2>\n<p>Em rela\u00e7\u00e3o \u00e0 S\u00edndrome Respirat\u00f3ria Aguda Grave (SRAG), foram notificados 10.288 casos hospitalizados em 2025, at\u00e9 a SE 12, com identifica\u00e7\u00e3o de v\u00edrus respirat\u00f3rios. Nas SE 10 a 12, o predom\u00ednio foi de VSR (37%), rinov\u00edrus (30%) e Covid-19 (17%). Quanto aos \u00f3bitos por SRAG, no mesmo per\u00edodo, 60% foram por covid-19; em seguida est\u00e1 o rinov\u00edrus, com 15%, e 6% por VSR.<\/p>\n<p>Dados do Boletim InfoGripe\u00a0referentes \u00e0 SE 12, que corresponde ao per\u00edodo de 16 a 22 de mar\u00e7o, apontam que nove UFs apresentam incid\u00eancia de SRAG em n\u00edvel de alerta, risco ou alto risco, com aumento na tend\u00eancia de longo prazo at\u00e9 a SE 12, sendo: AC, AP, AM, DF, MA, MS, PA, RO e RR.<\/p>\n<p>Al\u00e9m disso, outros estados nas regi\u00f5es Norte e Centro-Oeste, como MT, TO e GO, mostram incid\u00eancia de SRAG em n\u00edveis de alerta ou risco, por\u00e9m com sinal de estabiliza\u00e7\u00e3o ou oscila\u00e7\u00e3o na tend\u00eancia de longo prazo.<\/p>\n<p>De acordo com o levantamento, \u00e9 observado in\u00edcio ou manuten\u00e7\u00e3o do aumento de SRAG entre crian\u00e7as de at\u00e9 dois anos, associado ao VSR, com n\u00edveis de incid\u00eancia entre moderado e muito alto em alguns estados como DF, GO, ES, MG, SP e AC.<\/p>\n<h2>Vacina contra gripe<\/h2>\n<p>O Minist\u00e9rio da Sa\u00fade iniciou a distribui\u00e7\u00e3o da vacina contra a gripe no pa\u00eds no dia 21 de mar\u00e7o. Dessa maneira, 35 milh\u00f5es de doses devem chegar a todos os estados das regi\u00f5es Nordeste, Sul, Centro-Oeste e Sudeste, at\u00e9 o final de abril.<\/p>\n<p>Al\u00e9m disso, 30 milh\u00f5es de doses devem ser distribu\u00eddas este m\u00eas. A previs\u00e3o \u00e9 de que a campanha de refor\u00e7o da vacina\u00e7\u00e3o comece em 7 de abril para todo o p\u00fablico-alvo.\u00a0<\/p>\n<p>\t\t\t\t\t\t\t\t\t<img loading=\"lazy\" decoding=\"async\" src=\"https:\/\/brasil61.com\/api\/v1\/serve_pixel\/17677\/81126\" alt=\"Pixel Brasil 61\" class=\"b61_pixel\" width=\"0\" height=\"0\"><\/p>\n<input type=\"hidden\" id=\"baseurl\" value=\"https:\/\/noticiasdestaque.com.br\"><input type=\"hidden\" id=\"audio_nonce\" value=\"6f73a554f1\">","protected":false},"excerpt":{"rendered":"<p>No acumulado das 12 semanas epidemiol\u00f3gicas, foram registrados 164 mil casos da doen\u00e7a no pa\u00eds. Os dados s\u00e3o do Minist\u00e9rio da Sa\u00fade. <\/p>\n","protected":false},"author":1,"featured_media":42266,"comment_status":"open","ping_status":"open","sticky":false,"template":"","format":"standard","meta":{"fifu_image_url":"","fifu_image_alt":"","footnotes":""},"categories":[51],"tags":[],"class_list":["post-42265","post","type-post","status-publish","format-standard","has-post-thumbnail","hentry","category-saude"],"distributor_meta":false,"distributor_terms":false,"distributor_media":false,"distributor_original_site_name":"Noticias em Destaque","distributor_original_site_url":"https:\/\/noticiasdestaque.com.br","push-errors":false,"_links":{"self":[{"href":"https:\/\/noticiasdestaque.com.br\/index.php\/wp-json\/wp\/v2\/posts\/42265","targetHints":{"allow":["GET"]}}],"collection":[{"href":"https:\/\/noticiasdestaque.com.br\/index.php\/wp-json\/wp\/v2\/posts"}],"about":[{"href":"https:\/\/noticiasdestaque.com.br\/index.php\/wp-json\/wp\/v2\/types\/post"}],"author":[{"embeddable":true,"href":"https:\/\/noticiasdestaque.com.br\/index.php\/wp-json\/wp\/v2\/users\/1"}],"replies":[{"embeddable":true,"href":"https:\/\/noticiasdestaque.com.br\/index.php\/wp-json\/wp\/v2\/comments?post=42265"}],"version-history":[{"count":0,"href":"https:\/\/noticiasdestaque.com.br\/index.php\/wp-json\/wp\/v2\/posts\/42265\/revisions"}],"wp:featuredmedia":[{"embeddable":true,"href":"https:\/\/noticiasdestaque.com.br\/index.php\/wp-json\/wp\/v2\/media\/42266"}],"wp:attachment":[{"href":"https:\/\/noticiasdestaque.com.br\/index.php\/wp-json\/wp\/v2\/media?parent=42265"}],"wp:term":[{"taxonomy":"category","embeddable":true,"href":"https:\/\/noticiasdestaque.com.br\/index.php\/wp-json\/wp\/v2\/categories?post=42265"},{"taxonomy":"post_tag","embeddable":true,"href":"https:\/\/noticiasdestaque.com.br\/index.php\/wp-json\/wp\/v2\/tags?post=42265"}],"curies":[{"name":"wp","href":"https:\/\/api.w.org\/{rel}","templated":true}]}}