{"id":42259,"date":"2025-03-31T19:00:00","date_gmt":"2025-03-31T22:00:00","guid":{"rendered":"https:\/\/noticiasdestaque.com.br\/index.php\/2025\/03\/31\/ibovespa-encerra-com-queda-de-125\/"},"modified":"2025-03-31T19:00:00","modified_gmt":"2025-03-31T22:00:00","slug":"ibovespa-encerra-com-queda-de-125","status":"publish","type":"post","link":"https:\/\/noticiasdestaque.com.br\/index.php\/2025\/03\/31\/ibovespa-encerra-com-queda-de-125\/","title":{"rendered":"Ibovespa encerra com queda de 1,25%"},"content":{"rendered":"<p>\t\t\t\t\t\t\t\t\t\t<audio controls class=\"b61_audio_player\" data-noticia=\"81109\" src=\"https:\/\/brasil61.com\/rails\/active_storage\/blobs\/eyJfcmFpbHMiOnsibWVzc2FnZSI6IkJBaHBBK2hDQXc9PSIsImV4cCI6bnVsbCwicHVyIjoiYmxvYl9pZCJ9fQ==--9bae39eb1658776baae795cc1a44ed44fa1bcce1\/BRAS2513728A\"><\/audio><\/p>\n<p>O \u00edndice da bolsa de valores brasileira (Ibovespa) fechou o \u00faltimo preg\u00e3o aos 130.260 pontos, com queda de 1,25%.<\/p>\n<p>No acumulado mensal, com \u00a06,08%, o \u00edndice registrou o melhor m\u00eas desde agosto do ano passado.<\/p>\n<p>Os investidores seguem atentos \u00e0s tarifas globais do\u00a0presidente dos Estados Unudos, Donald Trump, que entram em vigor dia 2 de abril.<\/p>\n<p>No cen\u00e1rio interno, analistas no Boletim Focus, do Banco Central, reduziram as proje\u00e7\u00f5es para o d\u00f3lar pela terceira vez consecutiva.\u00a0<\/p>\n<p>Os pap\u00e9is da Petrobras e da Vale ca\u00edram. A petrol\u00edfera\u00a0 recuou 0,72%, j\u00e1 Vale\u00a0 perdeu 1,49%.\u00a0<\/p>\n<p>Banco do Brasil tamb\u00e9m caiu,\u00a0\u00a00,15%.<\/p>\n<p>J\u00e1 P\u00e3o de A\u00e7\u00facar teve alta de 13,60%. CVC recuou 6,19%.<\/p>\n<p>\u00a0<\/p>\n<p>\t\t\t\t\t\t\t\t\t<img loading=\"lazy\" decoding=\"async\" src=\"https:\/\/brasil61.com\/api\/v1\/serve_pixel\/17677\/81109\" alt=\"Pixel Brasil 61\" class=\"b61_pixel\" width=\"0\" height=\"0\"><\/p>\n<input type=\"hidden\" id=\"baseurl\" value=\"https:\/\/noticiasdestaque.com.br\"><input type=\"hidden\" id=\"audio_nonce\" value=\"34245022d4\">","protected":false},"excerpt":{"rendered":"<p>No acumulado mensal, com  6,08%, bolsa tem o melhor m\u00eas desde agosto<\/p>\n","protected":false},"author":1,"featured_media":42260,"comment_status":"open","ping_status":"open","sticky":false,"template":"","format":"standard","meta":{"fifu_image_url":"","fifu_image_alt":"","footnotes":""},"categories":[59],"tags":[],"class_list":["post-42259","post","type-post","status-publish","format-standard","has-post-thumbnail","hentry","category-economia"],"distributor_meta":false,"distributor_terms":false,"distributor_media":false,"distributor_original_site_name":"Noticias em Destaque","distributor_original_site_url":"https:\/\/noticiasdestaque.com.br","push-errors":false,"_links":{"self":[{"href":"https:\/\/noticiasdestaque.com.br\/index.php\/wp-json\/wp\/v2\/posts\/42259","targetHints":{"allow":["GET"]}}],"collection":[{"href":"https:\/\/noticiasdestaque.com.br\/index.php\/wp-json\/wp\/v2\/posts"}],"about":[{"href":"https:\/\/noticiasdestaque.com.br\/index.php\/wp-json\/wp\/v2\/types\/post"}],"author":[{"embeddable":true,"href":"https:\/\/noticiasdestaque.com.br\/index.php\/wp-json\/wp\/v2\/users\/1"}],"replies":[{"embeddable":true,"href":"https:\/\/noticiasdestaque.com.br\/index.php\/wp-json\/wp\/v2\/comments?post=42259"}],"version-history":[{"count":0,"href":"https:\/\/noticiasdestaque.com.br\/index.php\/wp-json\/wp\/v2\/posts\/42259\/revisions"}],"wp:featuredmedia":[{"embeddable":true,"href":"https:\/\/noticiasdestaque.com.br\/index.php\/wp-json\/wp\/v2\/media\/42260"}],"wp:attachment":[{"href":"https:\/\/noticiasdestaque.com.br\/index.php\/wp-json\/wp\/v2\/media?parent=42259"}],"wp:term":[{"taxonomy":"category","embeddable":true,"href":"https:\/\/noticiasdestaque.com.br\/index.php\/wp-json\/wp\/v2\/categories?post=42259"},{"taxonomy":"post_tag","embeddable":true,"href":"https:\/\/noticiasdestaque.com.br\/index.php\/wp-json\/wp\/v2\/tags?post=42259"}],"curies":[{"name":"wp","href":"https:\/\/api.w.org\/{rel}","templated":true}]}}