{"id":42251,"date":"2025-03-31T00:02:00","date_gmt":"2025-03-31T03:02:00","guid":{"rendered":"https:\/\/noticiasdestaque.com.br\/index.php\/2025\/03\/31\/simples-nacional-prazo-para-entrega-da-defis-termina-nesta-segunda-feira-31\/"},"modified":"2025-03-31T00:02:00","modified_gmt":"2025-03-31T03:02:00","slug":"simples-nacional-prazo-para-entrega-da-defis-termina-nesta-segunda-feira-31","status":"publish","type":"post","link":"https:\/\/noticiasdestaque.com.br\/index.php\/2025\/03\/31\/simples-nacional-prazo-para-entrega-da-defis-termina-nesta-segunda-feira-31\/","title":{"rendered":"Simples Nacional: prazo para entrega da DEFIS termina nesta segunda-feira (31)"},"content":{"rendered":"<p>\t\t\t\t\t\t\t\t\t\t<audio controls class=\"b61_audio_player\" data-noticia=\"81064\" src=\"https:\/\/brasil61.com\/rails\/active_storage\/blobs\/eyJfcmFpbHMiOnsibWVzc2FnZSI6IkJBaHBBelZDQXc9PSIsImV4cCI6bnVsbCwicHVyIjoiYmxvYl9pZCJ9fQ==--46811e8b3cda7b1762b06d09e6e9954cdba176d3\/BRAS2513713A\"><\/audio><\/p>\n<p>As empresas optantes pelo Simples Nacional devem ficar atentas! O prazo para entrega da Declara\u00e7\u00e3o de Informa\u00e7\u00f5es Socioecon\u00f4micas e Fiscais <a href=\"https:\/\/www.gov.br\/pt-br\/servicos\/declarar-apuracoes-e-informacoes-anuais-do-simples-nacional\" target=\"_blank\">(DEFIS)<\/a> termina nesta segunda-feira (31).\u00a0<\/p>\n<p>Trata-se de uma obriga\u00e7\u00e3o acess\u00f3ria, que deve ser realizada todos os anos pelas companhias que aderem a esse regime fiscal, independentemente de faturamento ou movimenta\u00e7\u00e3o financeira.<\/p>\n<p>A medida vale para microempresas, Empresas de Pequeno Porte (EPP), empresas inativas durante 2024 e organiza\u00e7\u00f5es sem movimenta\u00e7\u00e3o financeira no per\u00edodo.\u00a0<\/p>\n<p>Caso o envio da DEFIS n\u00e3o seja efetivado dentro do prazo, as companhias podem sofrer algumas consequ\u00eancias, como exclus\u00e3o do Simples Nacional e impedimento para emiss\u00e3o do Documento de Arrecada\u00e7\u00e3o do Simples Nacional, o DAS.<\/p>\n<p><a href=\"https:\/\/brasil61.com\/n\/meis-novas-regras-fiscais-para-categoria-entram-em-vigor-em-abril-bras2513700\" target=\"_blank\">MEIs: novas regras fiscais para categoria entram em vigor em abril<\/a><\/p>\n<p>Al\u00e9m disso, a empresas podem apresentar irregularidade cadastral junto \u00e0 Receita Federal,\u00a0ser inscrita na D\u00edvida Ativa da Uni\u00e3o,\u00a0ou ficar sujeita ao pagamento de multa de 2% ao m\u00eas, limitada a 20% sobre os tributos informados.\u00a0<\/p>\n<p>A entrega da DEFIS deve ser feita por meio do Portal do Simples Nacional, com a utiliza\u00e7\u00e3o de c\u00f3digo de acesso ou certificado digital. Confira o passo a passo:<\/p>\n<ul>\n<li>Acesse o Portal do Simples Nacional;<\/li>\n<li>Selecione a op\u00e7\u00e3o \u201cDeclara\u00e7\u00f5es e Demonstrativos\u201d;<\/li>\n<li>Clique em \u201cDEFIS\u201d e, na sequ\u00eancia, em \u201cPreencher Declara\u00e7\u00e3o\u201d;<\/li>\n<li>Depois insira os dados de acordo com os registros cont\u00e1beis da empresa;<\/li>\n<li>Em seguida, envie a declara\u00e7\u00e3o e salve o comprovante de entrega.<\/li>\n<\/ul>\n<p>Caso tenha havido incorpora\u00e7\u00e3o, transforma\u00e7\u00e3o, cis\u00e3o ou extin\u00e7\u00e3o da empresa nos primeiros tr\u00eas meses do ano-calend\u00e1rio, o empres\u00e1rio deve entregar o documento at\u00e9 o \u00faltimo dia do m\u00eas de junho.\u00a0<\/p>\n<p>Nos demais casos, \u00e9 preciso que a entrega seja feita at\u00e9 o \u00faltimo dia do m\u00eas seguinte \u00e0 incorpora\u00e7\u00e3o, transforma\u00e7\u00e3o, cis\u00e3o ou extin\u00e7\u00e3o.<br \/>\n\u00a0<\/p>\n<p>\t\t\t\t\t\t\t\t\t<img loading=\"lazy\" decoding=\"async\" src=\"https:\/\/brasil61.com\/api\/v1\/serve_pixel\/17677\/81064\" alt=\"Pixel Brasil 61\" class=\"b61_pixel\" width=\"0\" height=\"0\"><\/p>\n<input type=\"hidden\" id=\"baseurl\" value=\"https:\/\/noticiasdestaque.com.br\"><input type=\"hidden\" id=\"audio_nonce\" value=\"6f73a554f1\">","protected":false},"excerpt":{"rendered":"<p>A declara\u00e7\u00e3o \u00e9 uma obriga\u00e7\u00e3o acess\u00f3ria, que deve ser realizada todos os anos pelas companhias que aderem ao Simples Nacional<\/p>\n","protected":false},"author":1,"featured_media":42252,"comment_status":"open","ping_status":"open","sticky":false,"template":"","format":"standard","meta":{"fifu_image_url":"","fifu_image_alt":"","footnotes":""},"categories":[48],"tags":[],"class_list":["post-42251","post","type-post","status-publish","format-standard","has-post-thumbnail","hentry","category-mundo"],"distributor_meta":false,"distributor_terms":false,"distributor_media":false,"distributor_original_site_name":"Noticias em Destaque","distributor_original_site_url":"https:\/\/noticiasdestaque.com.br","push-errors":false,"_links":{"self":[{"href":"https:\/\/noticiasdestaque.com.br\/index.php\/wp-json\/wp\/v2\/posts\/42251","targetHints":{"allow":["GET"]}}],"collection":[{"href":"https:\/\/noticiasdestaque.com.br\/index.php\/wp-json\/wp\/v2\/posts"}],"about":[{"href":"https:\/\/noticiasdestaque.com.br\/index.php\/wp-json\/wp\/v2\/types\/post"}],"author":[{"embeddable":true,"href":"https:\/\/noticiasdestaque.com.br\/index.php\/wp-json\/wp\/v2\/users\/1"}],"replies":[{"embeddable":true,"href":"https:\/\/noticiasdestaque.com.br\/index.php\/wp-json\/wp\/v2\/comments?post=42251"}],"version-history":[{"count":0,"href":"https:\/\/noticiasdestaque.com.br\/index.php\/wp-json\/wp\/v2\/posts\/42251\/revisions"}],"wp:featuredmedia":[{"embeddable":true,"href":"https:\/\/noticiasdestaque.com.br\/index.php\/wp-json\/wp\/v2\/media\/42252"}],"wp:attachment":[{"href":"https:\/\/noticiasdestaque.com.br\/index.php\/wp-json\/wp\/v2\/media?parent=42251"}],"wp:term":[{"taxonomy":"category","embeddable":true,"href":"https:\/\/noticiasdestaque.com.br\/index.php\/wp-json\/wp\/v2\/categories?post=42251"},{"taxonomy":"post_tag","embeddable":true,"href":"https:\/\/noticiasdestaque.com.br\/index.php\/wp-json\/wp\/v2\/tags?post=42251"}],"curies":[{"name":"wp","href":"https:\/\/api.w.org\/{rel}","templated":true}]}}