{"id":42247,"date":"2025-03-28T05:00:00","date_gmt":"2025-03-28T08:00:00","guid":{"rendered":"https:\/\/noticiasdestaque.com.br\/index.php\/2025\/03\/28\/brasileiros-podem-pagar-conta-de-luz-com-preco-de-bandeira-vermelha-permanente\/"},"modified":"2025-03-28T05:00:00","modified_gmt":"2025-03-28T08:00:00","slug":"brasileiros-podem-pagar-conta-de-luz-com-preco-de-bandeira-vermelha-permanente","status":"publish","type":"post","link":"https:\/\/noticiasdestaque.com.br\/index.php\/2025\/03\/28\/brasileiros-podem-pagar-conta-de-luz-com-preco-de-bandeira-vermelha-permanente\/","title":{"rendered":"Brasileiros podem pagar conta de luz com pre\u00e7o de \u201cbandeira vermelha permanente\u201d"},"content":{"rendered":"<p>\t\t\t\t\t\t\t\t\t\t<audio controls class=\"b61_audio_player\" data-noticia=\"81033\" src=\"https:\/\/brasil61.com\/rails\/active_storage\/blobs\/eyJfcmFpbHMiOnsibWVzc2FnZSI6IkJBaHBBNzVCQXc9PSIsImV4cCI6bnVsbCwicHVyIjoiYmxvYl9pZCJ9fQ==--b1f5e8cf8f18dd4940d8386bf96674593e1aeff9\/BRAS2513707A\"><\/audio><\/p>\n<p>A conta de luz do brasileiro pode ficar mais cara pelos pr\u00f3ximos 25 anos, com valores que poder\u00e3o ser comparados \u00e0 tarifa de bandeira vermelha patamar 2, ou seja, aquela praticado em per\u00edodo de estiagem m\u00e1xima. Isso pode acontecer, caso senadores e deputados derrubem o veto presidencial \u00e0s emendas presentes na Lei 15.097\/25, conhecida como a Lei das E\u00f3licas Offshore. O alerta \u00e9 da Frente Nacional dos Consumidores de Energia (FNCE), que estima um custo anual de R$ 20 bilh\u00f5es nas contas at\u00e9 2050, gerado pelas emendas.<\/p>\n<p>Segundo a FNCE, esse custo equivale a R$ 7,63 para cada 100kwh consumidos, praticamente o mesmo valor da tarifa estabelecida pela Ag\u00eancia Nacional de Energia El\u00e9trica (Aneel) para a bandeira vermelha 2, que \u00e9 R$ 7,87\/100Kwh. Na bandeira vermelha 1 s\u00e3o cobrados R$ 4,46\/10 kwh e na amarela R$ 1,88\/10Kwh<\/p>\n<p><img decoding=\"async\" style=\"width:100%\" alt=\"\" src=\"https:\/\/noticiasdestaque.com.br\/wp-content\/uploads\/2025\/03\/Brasileirospodempagarcontadeluzcompreodebandeiravermelhapermanente_0394704001743418964.jpeg\" \/><\/p>\n<p>Fonte: Aneel e FNCE<\/p>\n<p>O impacto da eventual derrubada dos vetos traria um aumento de cerca de 9% na conta de luz que recebemos em casa. Para o cidad\u00e3o, o custo \u00e9 cobrado duas vezes j\u00e1 que, al\u00e9m da conta que chega na resid\u00eancia todo m\u00eas, todos os produtos e servi\u00e7os t\u00eam seus pre\u00e7os impactados pelo aumento da energia. Alimentos como p\u00e3o, carne e leite est\u00e3o entre os itens que poder\u00e3o ficar mais caros caso o Congresso Nacional derrube os vetos \u00e0s emendas na Lei das E\u00f3licas Offshore.<\/p>\n<p>Para o presidente da Frente Nacional dos Consumidores de Energia (FNCE), Luiz Eduardo Barata, o alto custo significa uma tarifa mais alta de energia nas pr\u00f3ximas duas d\u00e9cadas.<\/p>\n<p>\u201cQuando fizemos ent\u00e3o, uma avalia\u00e7\u00e3o do que isso significava, chegamos \u00e0 conclus\u00e3o que isso significa 25 anos de um custo adicional equivalente \u00e0 bandeira vermelha 2. corresponde ao impacto de uma bandeira vermelha 2 por 25 anos.\u201d<\/p>\n<p>Para M\u00f3nica Banegas, especialista em Justi\u00e7a Energ\u00e9tica do Instituto P\u00f3lis \u2014organiza\u00e7\u00e3o n\u00e3o governamental (ONG) que atua na \u00e1rea de pol\u00edticas p\u00fablicas \u00a0para baixa renda \u2014 este aumento vai impactar, sobretudo, quem ganha menos.<\/p>\n<p>\u201cAs fam\u00edlias de baixa renda acabam sendo afetadas de uma forma ainda mais negativa. Se a conta de luz j\u00e1 \u00e9 pesada para as fam\u00edlias, de forma geral, para as de baixa renda essa conta \u00e9 ainda mais pesada. Ent\u00e3o, quando a gente fala sobre um potencial aumento na conta de luz, s\u00e3o essas fam\u00edlias que v\u00e3o sofrer mais ainda, independentemente da regi\u00e3o que elas estiverem\u201d, destaca M\u00f3nica .<\/p>\n<p>Para a especialista, as fam\u00edlias j\u00e1 est\u00e3o tendo, hoje, dificuldade de arcar com despesas b\u00e1sicas e qualquer tipo de aumento na energia vai impactar de forma negativa a popula\u00e7\u00e3o.<\/p>\n<p>\u201cEstamos discutindo o aumento num momento em que dever\u00edamos estar debatendo uma solu\u00e7\u00e3o que reduzisse a conta de luz efetivamente, para que as pessoas possam viver com mais dignidade, e n\u00e3o o contr\u00e1rio\u201d, argumenta a especialista.<\/p>\n<h2>Do que se tratam as emendas \u2018jabutis\u2019<\/h2>\n<p>As emendas \u2018inclu\u00eddas na Lei das E\u00f3licas Offshore tratam de temas sem rela\u00e7\u00e3o com a proposta original do projeto, cujo objetivo \u00e9 regular a produ\u00e7\u00e3o de energia e\u00f3lica em alto mar. Por isso essas emendas s\u00e3o chamadas de \u201cjabutis\u201d. Neste caso esses jabutis determinam o pagamento de subs\u00eddios e a contrata\u00e7\u00e3o obrigat\u00f3ria de uma s\u00e9rie de usinas, inclusive de g\u00e1s natural e carv\u00e3o. Esses custos previstos nas emendas vetadas, al\u00e9m de encarecer a conta de luz, ainda v\u00e3o de encontro \u00e0 agenda clim\u00e1tica e podem trazer preju\u00edzos significativos aos consumidores brasileiros.<\/p>\n<p>Com o texto de volta ao Congresso Nacional, com previs\u00e3o de an\u00e1lise em abril, h\u00e1 risco de que os vetos sejam derrubados pelos parlamentares e, se isso acontecer, os jabutis voltam ao texto. Somados todos esses jabutis, o impacto financeiro pode chegar a R$ 545 bilh\u00f5es, at\u00e9 em 2050<\/p>\n<h2>For\u00e7a no Congresso<\/h2>\n<p>A FNCE trabalha no Congresso Nacional para manter a lei como est\u00e1, com a manuten\u00e7\u00e3o dos vetos \u00e0s emendas. Mas o cidad\u00e3o, consumidor de energia, que vai ser o principal impactado pelo aumento na conta de luz caso os vetos sejam derrubados, tamb\u00e9m pode fazer sua parte. Procurar os parlamentares demonstrando preocupa\u00e7\u00e3o com estes impactos, \u00e9 uma das for\u00e7as que a popula\u00e7\u00e3o tem para defender seus interesses e tentar evitar mais um aumento na infla\u00e7\u00e3o, defende o presidente da Frente, Luiz Eduardo Barata.<\/p>\n<p>\u201cO que \u00e9 importante \u00e9 que os cidad\u00e3os, sensibilizados com essa amea\u00e7a, procurem os senadores e deputados de seus estados e cobrem deles que votem pelos consumidores e que mantenham os vetos das emendas \u00e0 Lei das E\u00f3licas Offshore. Isso est\u00e1 nas m\u00e3os dos senadores e deputados. Eles s\u00e3o os nossos representantes e se n\u00f3s temos uma compreens\u00e3o do que deve ser feito, n\u00f3s devemos transmitir isso a eles e eles devem tomar uma decis\u00e3o\u201d, orienta o presidente da Frente. \u00a0<\/p>\n<p>O portal<a href=\"https:\/\/brasil61.com\/\"><strong> Brasil 61<\/strong><\/a> disponibiliza informa\u00e7\u00f5es de cada parlamentar da atual legislatura, com os contatos telef\u00f4nicos e de e-mail. Clique na se\u00e7\u00e3o \u201cPoder61\u201d e acesse os dados dos parlamentares do seu estado.<\/p>\n<h2>Bandeiras tarif\u00e1rias<\/h2>\n<p>A matriz energ\u00e9tica brasileira \u00e9 prioritariamente hidrel\u00e9trica \u2014 65% da energia que consumimos vem da \u00e1gua. Em fun\u00e7\u00e3o disso, quando passamos por estiagem ou quando a demanda por energia \u00e9 maior (em per\u00edodos mais quentes do ano, por exemplo) \u00e9 preciso ativar mais usinas termel\u00e9tricas para gerar eletricidade, e essas usinas t\u00eam o custo de opera\u00e7\u00e3o maior do que as hidroel\u00e9tricas. Por isso, o sistema de bandeiras tarif\u00e1rias \u00e9 usado, para sinalizar aos consumidores o custo real de gera\u00e7\u00e3o de energia, e, dessa forma, cada um pode adaptar seu perfil de consumo e equilibrar as contas, se assim desejar.<br \/>\n\u00a0<\/p>\n<p>\t\t\t\t\t\t\t\t\t<img loading=\"lazy\" decoding=\"async\" src=\"https:\/\/brasil61.com\/api\/v1\/serve_pixel\/17677\/81033\" alt=\"Pixel Brasil 61\" class=\"b61_pixel\" width=\"0\" height=\"0\"><\/p>\n<input type=\"hidden\" id=\"baseurl\" value=\"https:\/\/noticiasdestaque.com.br\"><input type=\"hidden\" id=\"audio_nonce\" value=\"6f73a554f1\">","protected":false},"excerpt":{"rendered":"<p>Frente Nacional dos Consumidores de Energia (FNCE) estima a eleva\u00e7\u00e3o do custo de energia em 9% nos pr\u00f3ximos 25 anos se vetos \u00e0s emendas na Lei das E\u00f3licas Offshore forem derrubados pelo Congresso Nacional. <\/p>\n","protected":false},"author":1,"featured_media":42248,"comment_status":"open","ping_status":"open","sticky":false,"template":"","format":"standard","meta":{"fifu_image_url":"","fifu_image_alt":"","footnotes":""},"categories":[50],"tags":[],"class_list":["post-42247","post","type-post","status-publish","format-standard","has-post-thumbnail","hentry","category-politica"],"distributor_meta":false,"distributor_terms":false,"distributor_media":false,"distributor_original_site_name":"Noticias em Destaque","distributor_original_site_url":"https:\/\/noticiasdestaque.com.br","push-errors":false,"_links":{"self":[{"href":"https:\/\/noticiasdestaque.com.br\/index.php\/wp-json\/wp\/v2\/posts\/42247","targetHints":{"allow":["GET"]}}],"collection":[{"href":"https:\/\/noticiasdestaque.com.br\/index.php\/wp-json\/wp\/v2\/posts"}],"about":[{"href":"https:\/\/noticiasdestaque.com.br\/index.php\/wp-json\/wp\/v2\/types\/post"}],"author":[{"embeddable":true,"href":"https:\/\/noticiasdestaque.com.br\/index.php\/wp-json\/wp\/v2\/users\/1"}],"replies":[{"embeddable":true,"href":"https:\/\/noticiasdestaque.com.br\/index.php\/wp-json\/wp\/v2\/comments?post=42247"}],"version-history":[{"count":0,"href":"https:\/\/noticiasdestaque.com.br\/index.php\/wp-json\/wp\/v2\/posts\/42247\/revisions"}],"wp:featuredmedia":[{"embeddable":true,"href":"https:\/\/noticiasdestaque.com.br\/index.php\/wp-json\/wp\/v2\/media\/42248"}],"wp:attachment":[{"href":"https:\/\/noticiasdestaque.com.br\/index.php\/wp-json\/wp\/v2\/media?parent=42247"}],"wp:term":[{"taxonomy":"category","embeddable":true,"href":"https:\/\/noticiasdestaque.com.br\/index.php\/wp-json\/wp\/v2\/categories?post=42247"},{"taxonomy":"post_tag","embeddable":true,"href":"https:\/\/noticiasdestaque.com.br\/index.php\/wp-json\/wp\/v2\/tags?post=42247"}],"curies":[{"name":"wp","href":"https:\/\/api.w.org\/{rel}","templated":true}]}}