{"id":42191,"date":"2025-03-31T00:04:00","date_gmt":"2025-03-31T03:04:00","guid":{"rendered":"https:\/\/noticiasdestaque.com.br\/index.php\/2025\/03\/31\/sao-paulo-lidera-ranking-de-cidades-brasileiras-com-maior-intensidade-de-ligacoes-empresariais\/"},"modified":"2025-03-31T00:04:00","modified_gmt":"2025-03-31T03:04:00","slug":"sao-paulo-lidera-ranking-de-cidades-brasileiras-com-maior-intensidade-de-ligacoes-empresariais","status":"publish","type":"post","link":"https:\/\/noticiasdestaque.com.br\/index.php\/2025\/03\/31\/sao-paulo-lidera-ranking-de-cidades-brasileiras-com-maior-intensidade-de-ligacoes-empresariais\/","title":{"rendered":"S\u00e3o Paulo lidera ranking de cidades brasileiras com maior intensidade de liga\u00e7\u00f5es empresariais"},"content":{"rendered":"<p>\t\t\t\t\t\t\t\t\t\t<audio controls class=\"b61_audio_player\" data-noticia=\"81041\" src=\"https:\/\/brasil61.com\/rails\/active_storage\/blobs\/eyJfcmFpbHMiOnsibWVzc2FnZSI6IkJBaHBBN0ZCQXc9PSIsImV4cCI6bnVsbCwicHVyIjoiYmxvYl9pZCJ9fQ==--c12ec85d4f457902694a5d1e4a6a1929dfcb80ef\/BRAS2513708A\"><\/audio><\/p>\n<p>S\u00e3o Paulo \u00e9 o munic\u00edpio brasileiro com a maior intensidade de liga\u00e7\u00f5es empresariais. \u00c9 o que revela estudo do Instituto Brasileiro de Geografia e Estat\u00edstica (IBGE) denominado \u201cGest\u00e3o do territ\u00f3rio\u201d.\u00a0<\/p>\n<p>De acordo com o levantamento, o ranking \u00e9 composto, em sua maioria, por capitais. No entanto, outras cidades paulistas aparecem entre as 10 primeiras da lista. Uma delas \u00e9 Campinas, al\u00e9m de Barueri. \u00a0<\/p>\n<p><a href=\"https:\/\/brasil61.com\/n\/tcu-politicas-de-geracao-de-emprego-apresentam-deficiencias-de-governanca-bras2513697\" target=\"_blank\">TCU: Pol\u00edticas de gera\u00e7\u00e3o de emprego apresentam defici\u00eancias de governan\u00e7a<\/a><\/p>\n<p>O estudo tem o intuito de determinar interliga\u00e7\u00f5es entre os munic\u00edpios, tanto em rela\u00e7\u00e3o \u00e0 quest\u00e3o empresarial,\u00a0quanto sobre a gest\u00e3o p\u00fablica.<br \/>\nO indicador de intensidade empresarial leva em conta a soma do n\u00famero de sedes de companhias em cada cidade e a quantidade de filiais dessas empresas.\u00a0<\/p>\n<p>Depois de S\u00e3o Paulo, aparece a cidade do Rio de Janeiro, seguida de Bras\u00edlia e de Belo Horizonte.\u00a0Confira o ranking das 10 primeiras cidades.\u00a0<\/p>\n<ol>\n<li>S\u00e3o Paulo (SP) \u00a0<\/li>\n<li>Rio de Janeiro (RJ)\u00a0<\/li>\n<li>Bras\u00edlia (DF)<\/li>\n<li>Belo Horizonte (MG)<\/li>\n<li>Curitiba (PR)<\/li>\n<li>Porto Alegre (RS)<\/li>\n<li>Fortaleza (CE)<\/li>\n<li>Campinas (SP)<\/li>\n<li>Barueri (SP)<\/li>\n<li>Recife (PE)<\/li>\n<\/ol>\n<p>J\u00e1 em rela\u00e7\u00e3o \u00e0 gest\u00e3o p\u00fablica, o ranking \u00e9 liderado por Bras\u00edlia \u2013 apontada como a cidade que concentra a maioria das sedes de institui\u00e7\u00f5es federais. A capital federal \u00e9 seguida, ainda, por Rio de Janeiro, S\u00e3o Paulo e Recife.<\/p>\n<h2>Gest\u00e3o do Territ\u00f3rio<\/h2>\n<p>A partir dos dados sobre liga\u00e7\u00f5es empresariais e de institui\u00e7\u00f5es p\u00fablicas, o IBGE tamb\u00e9m estabelece os centros de gest\u00e3o do territ\u00f3rio, que s\u00e3o aqueles entes que re\u00fanem, ao mesmo tempo, sedes de empresas e de \u00f3rg\u00e3os p\u00fablicos.<\/p>\n<p>De acordo com o instituto, da quantidade de munic\u00edpios do pa\u00eds, somente 39,1% se qualificavam como centros de gest\u00e3o do territ\u00f3rio, ou seja, 2.176 cidades \u2013 com base em dados de 2021. A parcela \u00e9 um pouco menor do que a registrada em 2011, quando a taxa foi de 39,6%, o que corresponde a 2.204 munic\u00edpios.\u00a0<\/p>\n<p>\t\t\t\t\t\t\t\t\t<img loading=\"lazy\" decoding=\"async\" src=\"https:\/\/brasil61.com\/api\/v1\/serve_pixel\/17677\/81041\" alt=\"Pixel Brasil 61\" class=\"b61_pixel\" width=\"0\" height=\"0\"><\/p>\n<input type=\"hidden\" id=\"baseurl\" value=\"https:\/\/noticiasdestaque.com.br\"><input type=\"hidden\" id=\"audio_nonce\" value=\"5128c810d9\">","protected":false},"excerpt":{"rendered":"<p>O Rio de Janeiro ocupa o segundo lugar, seguido de Bras\u00edlia e de Belo Horizonte<\/p>\n","protected":false},"author":1,"featured_media":42192,"comment_status":"open","ping_status":"open","sticky":false,"template":"","format":"standard","meta":{"fifu_image_url":"","fifu_image_alt":"","footnotes":""},"categories":[48],"tags":[],"class_list":["post-42191","post","type-post","status-publish","format-standard","has-post-thumbnail","hentry","category-mundo"],"distributor_meta":false,"distributor_terms":false,"distributor_media":false,"distributor_original_site_name":"Noticias em Destaque","distributor_original_site_url":"https:\/\/noticiasdestaque.com.br","push-errors":false,"_links":{"self":[{"href":"https:\/\/noticiasdestaque.com.br\/index.php\/wp-json\/wp\/v2\/posts\/42191","targetHints":{"allow":["GET"]}}],"collection":[{"href":"https:\/\/noticiasdestaque.com.br\/index.php\/wp-json\/wp\/v2\/posts"}],"about":[{"href":"https:\/\/noticiasdestaque.com.br\/index.php\/wp-json\/wp\/v2\/types\/post"}],"author":[{"embeddable":true,"href":"https:\/\/noticiasdestaque.com.br\/index.php\/wp-json\/wp\/v2\/users\/1"}],"replies":[{"embeddable":true,"href":"https:\/\/noticiasdestaque.com.br\/index.php\/wp-json\/wp\/v2\/comments?post=42191"}],"version-history":[{"count":0,"href":"https:\/\/noticiasdestaque.com.br\/index.php\/wp-json\/wp\/v2\/posts\/42191\/revisions"}],"wp:featuredmedia":[{"embeddable":true,"href":"https:\/\/noticiasdestaque.com.br\/index.php\/wp-json\/wp\/v2\/media\/42192"}],"wp:attachment":[{"href":"https:\/\/noticiasdestaque.com.br\/index.php\/wp-json\/wp\/v2\/media?parent=42191"}],"wp:term":[{"taxonomy":"category","embeddable":true,"href":"https:\/\/noticiasdestaque.com.br\/index.php\/wp-json\/wp\/v2\/categories?post=42191"},{"taxonomy":"post_tag","embeddable":true,"href":"https:\/\/noticiasdestaque.com.br\/index.php\/wp-json\/wp\/v2\/tags?post=42191"}],"curies":[{"name":"wp","href":"https:\/\/api.w.org\/{rel}","templated":true}]}}