{"id":42185,"date":"2025-03-26T21:01:00","date_gmt":"2025-03-27T00:01:00","guid":{"rendered":"https:\/\/noticiasdestaque.com.br\/index.php\/2025\/03\/26\/ministerio-das-comunicacoes-reforca-criacao-do-plano-nacional-de-inclusao-digital\/"},"modified":"2025-03-26T21:01:00","modified_gmt":"2025-03-27T00:01:00","slug":"ministerio-das-comunicacoes-reforca-criacao-do-plano-nacional-de-inclusao-digital","status":"publish","type":"post","link":"https:\/\/noticiasdestaque.com.br\/index.php\/2025\/03\/26\/ministerio-das-comunicacoes-reforca-criacao-do-plano-nacional-de-inclusao-digital\/","title":{"rendered":"Minist\u00e9rio das Comunica\u00e7\u00f5es refor\u00e7a cria\u00e7\u00e3o do Plano Nacional de Inclus\u00e3o Digital"},"content":{"rendered":"<p>\t\t\t\t\t\t\t\t\t\t<audio controls class=\"b61_audio_player\" data-noticia=\"81015\" src=\"https:\/\/brasil61.com\/rails\/active_storage\/blobs\/eyJfcmFpbHMiOnsibWVzc2FnZSI6IkJBaHBBeWhCQXc9PSIsImV4cCI6bnVsbCwicHVyIjoiYmxvYl9pZCJ9fQ==--05bd23328500cb1a82ce9a388dc5029aef484e7d\/MCOM250140B\"><\/audio><\/p>\n<p>Focado em democratizar o acesso \u00e0 internet no Brasil, o Minist\u00e9rio das Comunica\u00e7\u00f5es refor\u00e7ou, nesta segunda-feira (24), em evento realizado na Universidade Federal do Par\u00e1 (UFPA), estado que sediar\u00e1 a COP 30, a cria\u00e7\u00e3o de um Plano Nacional de Inclus\u00e3o Digital (PNID) nos pr\u00f3ximos meses.<\/p>\n<p>O secret\u00e1rio de Telecomunica\u00e7\u00f5es, Hermano Tercius, participou dos di\u00e1logos sobre \u201cO papel social das institui\u00e7\u00f5es para a inclus\u00e3o digital\u201d. O objetivo foi promover uma reflex\u00e3o sobre a exclus\u00e3o digital n\u00e3o como um problema isolado, mas como um reflexo de desigualdades sociais mais amplas.<\/p>\n<p>Tercius falou sobre a forma\u00e7\u00e3o de um grupo de trabalho que atuar\u00e1 na elabora\u00e7\u00e3o de um diagn\u00f3stico das \u00e1reas sem acesso \u00e0 internet no Brasil. \u201cQue seja um per\u00edodo intenso de trabalho\u201d, afirmou o secret\u00e1rio sobre a miss\u00e3o dos t\u00e9cnicos.<\/p>\n<p>A conectividade significativa e universal \u00e9 um dos principais eixos do PNID, que est\u00e1 sendo estruturado pelo Minist\u00e9rio das Comunica\u00e7\u00f5es. Ela consiste em garantir o acesso \u00e0 internet sem barreiras, de forma segura, satisfat\u00f3ria e a custo acess\u00edvel para todos os brasileiros.<\/p>\n<p>Para o secret\u00e1rio de Telecomunica\u00e7\u00f5es, promover a inclus\u00e3o digital significa intensificar os esfor\u00e7os para combater a exclus\u00e3o digital e capacitar as pessoas para o uso da tecnologia, assegurando acesso universal e participa\u00e7\u00e3o dos mais vulner\u00e1veis.<\/p>\n<p>Durante o encontro, os participantes discutiram a exclus\u00e3o digital e seus impactos sobre aqueles que n\u00e3o possuem as habilidades e o suporte necess\u00e1rios para operar no universo online. Essa barreira priva a popula\u00e7\u00e3o mais vulner\u00e1vel de recursos essenciais para seu desenvolvimento e de oportunidades de emprego.<\/p>\n<p><strong>Sobre o evento<\/strong><\/p>\n<p>Com o objetivo de apoiar pa\u00edses em desenvolvimento na inclus\u00e3o digital, o British Council realizou o Di\u00e1logo de Pol\u00edticas P\u00fablicas, com foco na inclus\u00e3o digital. O evento foi uma oportunidade para reunir gestores de pol\u00edticas p\u00fablicas, pesquisadores, l\u00edderes comunit\u00e1rios e representantes de ONGs, atores fundamentais no ecossistema da inclus\u00e3o digital.<\/p>\n<p>A iniciativa est\u00e1 alinhada aos objetivos mais amplos do Programa SIDP-Impulsoria Brasil e do Programa de Acesso Digital Reino Unido-Brasil, criando uma plataforma para discutir desafios, compartilhar boas pr\u00e1ticas e apresentar projetos bem-sucedidos.<\/p>\n<p>O encontro contribuir\u00e1 para a constru\u00e7\u00e3o de uma vis\u00e3o compartilhada de conectividade significativa, promovendo conex\u00f5es entre institui\u00e7\u00f5es e especialistas que atuam nessa \u00e1rea.<\/p>\n<p>Fonte: MCom<\/p>\n<p>\t\t\t\t\t\t\t\t\t<img loading=\"lazy\" decoding=\"async\" src=\"https:\/\/brasil61.com\/api\/v1\/serve_pixel\/17677\/81015\" alt=\"Pixel Brasil 61\" class=\"b61_pixel\" width=\"0\" height=\"0\"><\/p>\n<input type=\"hidden\" id=\"baseurl\" value=\"https:\/\/noticiasdestaque.com.br\"><input type=\"hidden\" id=\"audio_nonce\" value=\"c9f06e19e6\">","protected":false},"excerpt":{"rendered":"<p>O secret\u00e1rio de Telecomunica\u00e7\u00f5es, Hermano Tercius, representou o Minist\u00e9rio das Comunica\u00e7\u00f5es em evento no Par\u00e1 sobre o papel das institui\u00e7\u00f5es na amplia\u00e7\u00e3o do acesso \u00e0 internet para todos os brasileiros; estado sediar\u00e1 a COP 30<\/p>\n","protected":false},"author":1,"featured_media":42186,"comment_status":"open","ping_status":"open","sticky":false,"template":"","format":"standard","meta":{"fifu_image_url":"","fifu_image_alt":"","footnotes":""},"categories":[48],"tags":[],"class_list":["post-42185","post","type-post","status-publish","format-standard","has-post-thumbnail","hentry","category-mundo"],"distributor_meta":false,"distributor_terms":false,"distributor_media":false,"distributor_original_site_name":"Noticias em Destaque","distributor_original_site_url":"https:\/\/noticiasdestaque.com.br","push-errors":false,"_links":{"self":[{"href":"https:\/\/noticiasdestaque.com.br\/index.php\/wp-json\/wp\/v2\/posts\/42185","targetHints":{"allow":["GET"]}}],"collection":[{"href":"https:\/\/noticiasdestaque.com.br\/index.php\/wp-json\/wp\/v2\/posts"}],"about":[{"href":"https:\/\/noticiasdestaque.com.br\/index.php\/wp-json\/wp\/v2\/types\/post"}],"author":[{"embeddable":true,"href":"https:\/\/noticiasdestaque.com.br\/index.php\/wp-json\/wp\/v2\/users\/1"}],"replies":[{"embeddable":true,"href":"https:\/\/noticiasdestaque.com.br\/index.php\/wp-json\/wp\/v2\/comments?post=42185"}],"version-history":[{"count":0,"href":"https:\/\/noticiasdestaque.com.br\/index.php\/wp-json\/wp\/v2\/posts\/42185\/revisions"}],"wp:featuredmedia":[{"embeddable":true,"href":"https:\/\/noticiasdestaque.com.br\/index.php\/wp-json\/wp\/v2\/media\/42186"}],"wp:attachment":[{"href":"https:\/\/noticiasdestaque.com.br\/index.php\/wp-json\/wp\/v2\/media?parent=42185"}],"wp:term":[{"taxonomy":"category","embeddable":true,"href":"https:\/\/noticiasdestaque.com.br\/index.php\/wp-json\/wp\/v2\/categories?post=42185"},{"taxonomy":"post_tag","embeddable":true,"href":"https:\/\/noticiasdestaque.com.br\/index.php\/wp-json\/wp\/v2\/tags?post=42185"}],"curies":[{"name":"wp","href":"https:\/\/api.w.org\/{rel}","templated":true}]}}