{"id":42103,"date":"2025-03-18T00:03:00","date_gmt":"2025-03-18T03:03:00","guid":{"rendered":"https:\/\/noticiasdestaque.com.br\/index.php\/2025\/03\/18\/covid-19-casos-sobem-509-no-inicio-de-marco-em-comparacao-a-semana-anterior\/"},"modified":"2025-03-18T00:03:00","modified_gmt":"2025-03-18T03:03:00","slug":"covid-19-casos-sobem-509-no-inicio-de-marco-em-comparacao-a-semana-anterior","status":"publish","type":"post","link":"https:\/\/noticiasdestaque.com.br\/index.php\/2025\/03\/18\/covid-19-casos-sobem-509-no-inicio-de-marco-em-comparacao-a-semana-anterior\/","title":{"rendered":"Covid-19: casos sobem 5,09% no in\u00edcio de mar\u00e7o em compara\u00e7\u00e3o \u00e0 semana anterior"},"content":{"rendered":"<p>\t\t\t\t\t\t\t\t\t\t<audio controls class=\"b61_audio_player\" data-noticia=\"80830\" src=\"https:\/\/brasil61.com\/rails\/active_storage\/blobs\/eyJfcmFpbHMiOnsibWVzc2FnZSI6IkJBaHBBN1k5QXc9PSIsImV4cCI6bnVsbCwicHVyIjoiYmxvYl9pZCJ9fQ==--39e8f0409f645085cb931d2d7d24b1c8213863c1\/BRAS2513655A\"><\/audio><\/p>\n<p>A Semana Epidemiol\u00f3gica 10\/2025, que corresponde aos dias 2 a 8 de mar\u00e7o, aponta que houve um aumento de 5,09% na m\u00e9dia m\u00f3vel de casos e de 37,5% na m\u00e9dia m\u00f3vel de \u00f3bitos por covid-19 no per\u00edodo em compara\u00e7\u00e3o \u00e0 semana anterior. Em 2025, at\u00e9 8\/03, foram notificados 148.328 casos e 891 \u00f3bitos pela doen\u00e7a\u00a0no pa\u00eds. As unidades federativas (UFs) com maiores taxas de incid\u00eancia, variando de 14,7 a 106,1 casos por 100 mil habitantes, foram\u00a0MT, MG, TO, DF e RR. Os dados comp\u00f5em o <a href=\"https:\/\/www.gov.br\/saude\/pt-br\/assuntos\/saude-de-a-a-z\/c\/covid-19\/atualizacao-de-casos\/informe-se-10-de-2025.pdf\/view\" target=\"_blank\">Informe <\/a>sobre Covid-19 no pa\u00eds, do Minist\u00e9rio da Sa\u00fade.<\/p>\n<p>Na SE 10\/2025, foram notificados 11.467 casos de Covid-19 no pa\u00eds, com uma incid\u00eancia de 5,37 a cada 100 mil habitantes. Os \u00f3bitos reportados na semana somaram 193.<\/p>\n<p>O documento aponta que na vigil\u00e2ncia de S\u00edndrome Respirat\u00f3ria Aguda Grave (SRAG)\u00a0foram notificados 7.009 casos hospitalizados em 2025, at\u00e9 a SE 10\/2025, com identifica\u00e7\u00e3o de v\u00edrus respirat\u00f3rios.<\/p>\n<p>Al\u00e9m disso, o informe indica que o v\u00edrus sincicial respirat\u00f3rio (VSR) ainda apresenta tend\u00eancia de alta, identificada na vigil\u00e2ncia laboratorial e entre os casos de SRAG. Na vigil\u00e2ncia de S\u00edndrome, 7.009 casos hospitalizados foram notificados at\u00e9 a SE 10, com identifica\u00e7\u00e3o de v\u00edrus respirat\u00f3rios.<\/p>\n<p>Conforme os dados, nas \u00faltimas semanas, como nas SE de 8 a 10, houve predomin\u00e2ncia de 26% de VSR nos casos. J\u00e1 rinov\u00edrus e covid-19, de 30% e 29%, respectivamente.<\/p>\n<p>Em rela\u00e7\u00e3o aos \u00f3bitos por SRAG, no mesmo per\u00edodo, a covid-19 se destacou com 83% dos registros.<\/p>\n<p>Segundo o Informe do Minist\u00e9rio, nas \u00faltimas semanas houve instabilidade no sistema, Com isso, h\u00e1 casos represados que est\u00e3o sendo informados com atraso nesta semana. Os estados que n\u00e3o conseguiram atualizar seus dados foram\u00a0AC, CE, PI, PR e RO.<\/p>\n<p>Clique no banner e acesse painel do Brasil 61 com dados da Covid no pa\u00eds, nas UFs e nos munic\u00edpios.<br \/>\n<a href=\"https:\/\/brasil61.com\/painelcovid\"><img decoding=\"async\" style=\"width:100%\" alt=\"\" src=\"https:\/\/noticiasdestaque.com.br\/wp-content\/uploads\/2025\/03\/Covid-19casossobem509noinciodemaroemcomparaosemanaanterior_0216827001742533329.jpeg\" \/><\/a><\/p>\n<h2>InfoGripe<\/h2>\n<p>Segundo o\u00a0<a href=\"https:\/\/gitlab.fiocruz.br\/marcelo.gomes\/infogripe\/-\/blob\/master\/Boletins%20do%20InfoGripe\/Resumo_InfoGripe_atual.pdf\" target=\"_blank\">Boletim InfoGripe<\/a> da SE 10\/2025, da FioCruz, dez UFs apresentam incid\u00eancia de SRAG em n\u00edveis de alerta, risco ou alto risco, com tend\u00eancia de aumento no longo prazo, sendo: AP, DF, GO, MT, MS, PA, RO, RR, SE e TO.<\/p>\n<p>A publica\u00e7\u00e3o aponta a manuten\u00e7\u00e3o do crescimento de casos de SRAG em n\u00edveis de incid\u00eancia de moderado a alto em estados das regi\u00f5es Norte, como PA, RR e TO e tamb\u00e9m do Centro-Oeste, no\u00a0DF, GO e MS, al\u00e9m de Sergipe. Os casos ocorrem principalmente na faixa et\u00e1ria at\u00e9 14 anos.<\/p>\n<p>No Distrito Federal e em Goi\u00e1s, o aumento de SRAG em crian\u00e7as de at\u00e9 dois anos est\u00e1 associado ao VSR, conforme o informe. J\u00e1 em rela\u00e7\u00e3o aos casos de SRAG entre idosos, associados \u00e0 covid-19, h\u00e1 uma incid\u00eancia moderada nos estados de Mato Grosso e Tocantins, com tend\u00eancia de crescimento apenas em Tocantins.<\/p>\n<p>\t\t\t\t\t\t\t\t\t<img loading=\"lazy\" decoding=\"async\" src=\"https:\/\/brasil61.com\/api\/v1\/serve_pixel\/17677\/80830\" alt=\"Pixel Brasil 61\" class=\"b61_pixel\" width=\"0\" height=\"0\"><\/p>\n<input type=\"hidden\" id=\"baseurl\" value=\"https:\/\/noticiasdestaque.com.br\"><input type=\"hidden\" id=\"audio_nonce\" value=\"6f73a554f1\">","protected":false},"excerpt":{"rendered":"<p>No per\u00edodo de 2 a 8 de mar\u00e7o, a m\u00e9dia m\u00f3vel de \u00f3bitos pela doen\u00e7a tamb\u00e9m subiu 37,5%. At\u00e9 o momento, em 2025, o Brasil soma 148.328 casos notificados<\/p>\n","protected":false},"author":1,"featured_media":42104,"comment_status":"open","ping_status":"open","sticky":false,"template":"","format":"standard","meta":{"fifu_image_url":"","fifu_image_alt":"","footnotes":""},"categories":[51],"tags":[],"class_list":["post-42103","post","type-post","status-publish","format-standard","has-post-thumbnail","hentry","category-saude"],"distributor_meta":false,"distributor_terms":false,"distributor_media":false,"distributor_original_site_name":"Noticias em Destaque","distributor_original_site_url":"https:\/\/noticiasdestaque.com.br","push-errors":false,"_links":{"self":[{"href":"https:\/\/noticiasdestaque.com.br\/index.php\/wp-json\/wp\/v2\/posts\/42103","targetHints":{"allow":["GET"]}}],"collection":[{"href":"https:\/\/noticiasdestaque.com.br\/index.php\/wp-json\/wp\/v2\/posts"}],"about":[{"href":"https:\/\/noticiasdestaque.com.br\/index.php\/wp-json\/wp\/v2\/types\/post"}],"author":[{"embeddable":true,"href":"https:\/\/noticiasdestaque.com.br\/index.php\/wp-json\/wp\/v2\/users\/1"}],"replies":[{"embeddable":true,"href":"https:\/\/noticiasdestaque.com.br\/index.php\/wp-json\/wp\/v2\/comments?post=42103"}],"version-history":[{"count":0,"href":"https:\/\/noticiasdestaque.com.br\/index.php\/wp-json\/wp\/v2\/posts\/42103\/revisions"}],"wp:featuredmedia":[{"embeddable":true,"href":"https:\/\/noticiasdestaque.com.br\/index.php\/wp-json\/wp\/v2\/media\/42104"}],"wp:attachment":[{"href":"https:\/\/noticiasdestaque.com.br\/index.php\/wp-json\/wp\/v2\/media?parent=42103"}],"wp:term":[{"taxonomy":"category","embeddable":true,"href":"https:\/\/noticiasdestaque.com.br\/index.php\/wp-json\/wp\/v2\/categories?post=42103"},{"taxonomy":"post_tag","embeddable":true,"href":"https:\/\/noticiasdestaque.com.br\/index.php\/wp-json\/wp\/v2\/tags?post=42103"}],"curies":[{"name":"wp","href":"https:\/\/api.w.org\/{rel}","templated":true}]}}