{"id":42096,"date":"2025-03-12T17:15:00","date_gmt":"2025-03-12T20:15:00","guid":{"rendered":"https:\/\/noticiasdestaque.com.br\/index.php\/2025\/03\/12\/criancas-adolescentes-e-telas-guia-do-governo-recomenda-o-nao-uso-de-telas-para-criancas-com-menos-de-2-anos\/"},"modified":"2025-03-12T17:15:00","modified_gmt":"2025-03-12T20:15:00","slug":"criancas-adolescentes-e-telas-guia-do-governo-recomenda-o-nao-uso-de-telas-para-criancas-com-menos-de-2-anos","status":"publish","type":"post","link":"https:\/\/noticiasdestaque.com.br\/index.php\/2025\/03\/12\/criancas-adolescentes-e-telas-guia-do-governo-recomenda-o-nao-uso-de-telas-para-criancas-com-menos-de-2-anos\/","title":{"rendered":"Crian\u00e7as, Adolescentes e Telas: guia do governo recomenda o n\u00e3o uso de telas para crian\u00e7as com menos de 2 anos"},"content":{"rendered":"<p>\t\t\t\t\t\t\t\t\t\t<audio controls class=\"b61_audio_player\" data-noticia=\"80745\" src=\"https:\/\/brasil61.com\/rails\/active_storage\/blobs\/eyJfcmFpbHMiOnsibWVzc2FnZSI6IkJBaHBBMHM4QXc9PSIsImV4cCI6bnVsbCwicHVyIjoiYmxvYl9pZCJ9fQ==--5a6432c83d5ece4912bc0d3e3aafdd7e7207ea88\/BRAS2513634A\"><\/audio><\/p>\n<p>Na \u00faltima ter\u00e7a-feira (11), o governo federal lan\u00e7ou a publica\u00e7\u00e3o <a href=\"http:\/\/www.gov.br\/secom\/pt-br\/assuntos\/uso-de-telas-por-criancas-e-adolescentes\/guia\">\u201cCrian\u00e7as, Adolescentes e Telas: Guia sobre Uso de Dispositivos Digitais\u201d.<\/a> O documento orienta o uso das telas de forma saud\u00e1vel e indica pr\u00e1ticas com o objetivo de reduzir os riscos associados ao tempo excessivo diante dos dispositivos. Entre as recomenda\u00e7\u00f5es est\u00e1 o n\u00e3o uso de telas para crian\u00e7as com menos de 2 anos \u2013 salvo para contato com familiares por videochamadas.\u00a0<\/p>\n<p>A coordenadora do Grupo de Trabalho sobre Sa\u00fade Digital da Sociedade Brasileira de Pediatria (<a href=\"https:\/\/www.sbp.com.br\/departamentos\/grupos-trabalhos\/saude-digital\/\" target=\"_blank\">SBP<\/a>), Dra. Evelyn Eisenstein, destaca que o uso de telas por crian\u00e7as com menos de dois anos deve ser, no m\u00e1ximo, apenas na presen\u00e7a dos pais para conversar \u00e0 dist\u00e2ncia com familiares. Ela explica o motivo pelo qual n\u00e3o \u00e9 recomendado o uso dessas tecnologias por essa faixa et\u00e1ria.<\/p>\n<p>\u201cPorque prejudica o desenvolvimento da fala, da comunica\u00e7\u00e3o. Ent\u00e3o, n\u00f3s estamos vendo crian\u00e7as com problemas de aprendizado da fala, que n\u00e3o se comunicam e que est\u00e3o sendo, \u00e0s vezes, diagnosticadas como transtornos do espectro autista. Neste momento do desenvolvimento, \u00e9 importante a crian\u00e7a n\u00e3o ter acesso \u00e0 tela nenhuma\u201d, enfatiza a representante da SBP.<\/p>\n<p>A especialista completa que nesta fase de desenvolvimento a crian\u00e7a possui outras necessidades que podem ser impactadas pelo uso de telas.<\/p>\n<p>\u201cN\u00f3s denominamos que a distra\u00e7\u00e3o passiva \u00e9 prejudicial. \u00c9 importante a crian\u00e7a estar neste momento nos dois, tr\u00eas primeiros anos de vida, aprendendo a conviv\u00eancia familiar com afeto, com pai, com m\u00e3e, com a fam\u00edlia, aprendendo a se comunicar. \u00c9 isso que \u00e9 o mais importante\u201d, ressalta Evelyn Eisenstein.<\/p>\n<h2>Recomenda\u00e7\u00f5es do guia<\/h2>\n<p>Segundo o Minist\u00e9rio da Educa\u00e7\u00e3o (MEC), diversos pa\u00edses refor\u00e7aram documentos de refer\u00eancia recentemente para servi\u00e7os digitais relacionados \u00e0 prote\u00e7\u00e3o de direitos de crian\u00e7as e adolescentes. O guia brasileiro recomenda, entre outras a\u00e7\u00f5es al\u00e9m do n\u00e3o uso pelos pequenos menores de dois anos:<\/p>\n<ul>\n<li>Que crian\u00e7as, antes dos 12 anos, n\u00e3o tenham smartphone pr\u00f3prios;<\/li>\n<li>Que o acesso a redes sociais observe a classifica\u00e7\u00e3o indicativa;<\/li>\n<li>Que o uso de dispositivos eletr\u00f4nicos, aplicativos e redes sociais durante a adolesc\u00eancia, entre 12 a 17 anos, deve ter acompanhamento familiar ou de educadores;<\/li>\n<li>Estimular o uso de dispositivos digitais por crian\u00e7as ou adolescentes com defici\u00eancia, independentemente de faixa et\u00e1ria, para fins de acessibilidade.<\/li>\n<\/ul>\n<p>O documento ainda elenca recomenda\u00e7\u00f5es destinadas a pais, respons\u00e1veis e educadores, destacando temas como o impacto das telas na sa\u00fade mental, seguran\u00e7a online, cyberbullying e a import\u00e2ncia do equil\u00edbrio entre atividades digitais e intera\u00e7\u00f5es no mundo real.<\/p>\n<p>Evelyn Eisenstein disse que h\u00e1 quatro grandes grupos de problemas \u00e0 sa\u00fade que podem ser desencadeados \u00e0s crian\u00e7as e adolescentes que utilizam telas sem seguran\u00e7a. Confira a lista mencionada pela especialista da SBP:<\/p>\n<ul>\n<li>Sa\u00fade mental: transtornos de sono, irritabilidade, transtornos de humor, ansiedade, depress\u00e3o, problemas de perda de foco, de aten\u00e7\u00e3o, de mem\u00f3ria, transtorno de imagem corporal, autoestima e at\u00e9 fatalidades por desafios perigosos;<\/li>\n<li>Transtornos f\u00edsicos\/corporais: vis\u00e3o (miopia), s\u00edndrome do olho seco, audi\u00e7\u00e3o (uso de headphones acima de 70 dB), transtornos de alimenta\u00e7\u00e3o (anorexia, bulimia, sedentarismo, sobrepeso, obesidade), transtornos de postura;<\/li>\n<li>Transtornos de sexualidade: nudes, abuso sexual ou estupro virtual;<\/li>\n<li>Viol\u00eancias: cyberbullying, redes de desinforma\u00e7\u00e3o, fake news, redes de \u00f3dio e de discrimina\u00e7\u00e3o;<\/li>\n<\/ul>\n<p>O guia lan\u00e7ado pelo governo brasileiro foi coordenado pela Secretaria de Comunica\u00e7\u00e3o Social da Presid\u00eancia da Rep\u00fablica (Secom PR), com participa\u00e7\u00e3o de outros seis minist\u00e9rios, como Casa Civil da Presid\u00eancia, minist\u00e9rios da Educa\u00e7\u00e3o, da Sa\u00fade, da Justi\u00e7a e Seguran\u00e7a P\u00fablica, dos Direitos Humanos e da Cidadania, e do Desenvolvimento e Assist\u00eancia Social, Fam\u00edlia e Combate \u00e0 Fome.<\/p>\n<h2>Equil\u00edbrio entre atividades digitais e intera\u00e7\u00f5es no mundo real<\/h2>\n<p>A coordenadora do Grupo de Trabalho sobre Sa\u00fade Digital da Sociedade Brasileira de Pediatria (SBP), Evelyn Eisenstein, afirma que \u00e9 importante que crian\u00e7as e adolescentes equilibrem atividades digitais e intera\u00e7\u00f5es no mundo real. Al\u00e9m disso, destaca que \u00e9 preciso estipular limites para o uso de telas para essa parcela da popula\u00e7\u00e3o.<\/p>\n<p>\u201cNada de ultrapassar 4 a 5 horas de uso di\u00e1rio e constante\u00a0de jogos de videogames com adolescentes, ou virar \u00e0 noite, por exemplo. \u00c9 muito importante\u00a0adolescentes praticarem atividades f\u00edsicas, esportivas fora das telas; crian\u00e7as brincarem fora das telas. Usar atividades que n\u00f3s chamamos na natureza, caminhar, conversar, estar brincando num parque, num jardim, numa praia, sem celular\u201d, exp\u00f5e a especialista.<\/p>\n<p>A Dra. Eisenstein alerta pais e respons\u00e1veis a refletirem sobre o uso exagerado de telas para crian\u00e7as e adolescentes e menciona que \u00e9 preciso proteger esse p\u00fablico do que est\u00e1 por tr\u00e1s das telas.<\/p>\n<p>\u201cO celular n\u00e3o pode ser uma extens\u00e3o da m\u00e3o de crian\u00e7a e adolescente nenhum. Importante todas as fam\u00edlias saberem que existe um outro lado das telas, um mundo lucrativo querendo justamente, de uma certa maneira, escravizar esta crian\u00e7a e esse adolescente para se tornar um dependente digital. Temos que prevenir tudo isso e proteger a crian\u00e7a do mundo das telas e das big techs\u201d, afirma.<\/p>\n<h2>Uso de internet por crian\u00e7as no pa\u00eds e sa\u00fade mental<\/h2>\n<p>A pesquisa <a href=\"https:\/\/cetic.br\/pt\/pesquisa\/kids-online\/indicadores\/\" target=\"_blank\">TIC Kids Online Brasil 2024<\/a>, que apresenta os principais resultados sobre o uso da internet por crian\u00e7as e adolescentes no Brasil, aponta que 93% da popula\u00e7\u00e3o de 9 a 17 anos \u00e9 usu\u00e1ria de internet no pa\u00eds, o que representa cerca de 25 milh\u00f5es de pessoas. Al\u00e9m disso, 23% dos usu\u00e1rios de internet de 9 a 17 anos reportaram ter acessado a internet pela primeira vez at\u00e9 os seis anos de idade. A propor\u00e7\u00e3o era de 11% em 2015.\u00a0<\/p>\n<p>J\u00e1 um <a href=\"https:\/\/www.jahonline.org\/article\/S1054-139X(24)00515-9\/fulltext\" target=\"_blank\">estudo <\/a>publicado no Journal of Adolescent Health, que analisou dados de mais de 3,6 mil jovens dos 14 aos 17 anos, mostra que adolescentes que passam mais de tr\u00eas horas por dia em comportamentos sedent\u00e1rios t\u00eam maior risco de enfrentarem problemas de sa\u00fade mental no futuro. J\u00e1 a exposi\u00e7\u00e3o moderada \u00e0s telas (entre 60 e 119 minutos por dia) dedicada a atividades educacionais, como fazer o dever de casa ou assistir aulas, foi considerado um fator \u201cprotetor\u201d, associado a menor sofrimento mental desse p\u00fablico.<\/p>\n<p>\t\t\t\t\t\t\t\t\t<img loading=\"lazy\" decoding=\"async\" src=\"https:\/\/brasil61.com\/api\/v1\/serve_pixel\/17677\/80745\" alt=\"Pixel Brasil 61\" class=\"b61_pixel\" width=\"0\" height=\"0\"><\/p>\n<input type=\"hidden\" id=\"baseurl\" value=\"https:\/\/noticiasdestaque.com.br\"><input type=\"hidden\" id=\"audio_nonce\" value=\"6f73a554f1\">","protected":false},"excerpt":{"rendered":"<p>Especialista aponta malef\u00edcios da pr\u00e1tica e alerta pais e respons\u00e1veis para prote\u00e7\u00e3o desse p\u00fablico<\/p>\n","protected":false},"author":1,"featured_media":42097,"comment_status":"open","ping_status":"open","sticky":false,"template":"","format":"standard","meta":{"fifu_image_url":"","fifu_image_alt":"","footnotes":""},"categories":[51],"tags":[],"class_list":["post-42096","post","type-post","status-publish","format-standard","has-post-thumbnail","hentry","category-saude"],"distributor_meta":false,"distributor_terms":false,"distributor_media":false,"distributor_original_site_name":"Noticias em Destaque","distributor_original_site_url":"https:\/\/noticiasdestaque.com.br","push-errors":false,"_links":{"self":[{"href":"https:\/\/noticiasdestaque.com.br\/index.php\/wp-json\/wp\/v2\/posts\/42096","targetHints":{"allow":["GET"]}}],"collection":[{"href":"https:\/\/noticiasdestaque.com.br\/index.php\/wp-json\/wp\/v2\/posts"}],"about":[{"href":"https:\/\/noticiasdestaque.com.br\/index.php\/wp-json\/wp\/v2\/types\/post"}],"author":[{"embeddable":true,"href":"https:\/\/noticiasdestaque.com.br\/index.php\/wp-json\/wp\/v2\/users\/1"}],"replies":[{"embeddable":true,"href":"https:\/\/noticiasdestaque.com.br\/index.php\/wp-json\/wp\/v2\/comments?post=42096"}],"version-history":[{"count":0,"href":"https:\/\/noticiasdestaque.com.br\/index.php\/wp-json\/wp\/v2\/posts\/42096\/revisions"}],"wp:featuredmedia":[{"embeddable":true,"href":"https:\/\/noticiasdestaque.com.br\/index.php\/wp-json\/wp\/v2\/media\/42097"}],"wp:attachment":[{"href":"https:\/\/noticiasdestaque.com.br\/index.php\/wp-json\/wp\/v2\/media?parent=42096"}],"wp:term":[{"taxonomy":"category","embeddable":true,"href":"https:\/\/noticiasdestaque.com.br\/index.php\/wp-json\/wp\/v2\/categories?post=42096"},{"taxonomy":"post_tag","embeddable":true,"href":"https:\/\/noticiasdestaque.com.br\/index.php\/wp-json\/wp\/v2\/tags?post=42096"}],"curies":[{"name":"wp","href":"https:\/\/api.w.org\/{rel}","templated":true}]}}