{"id":42046,"date":"2025-03-18T02:00:00","date_gmt":"2025-03-18T05:00:00","guid":{"rendered":"https:\/\/noticiasdestaque.com.br\/index.php\/2025\/03\/18\/com-menor-valor-desde-novembro-dolar-cai-a-r-568\/"},"modified":"2025-03-18T02:00:00","modified_gmt":"2025-03-18T05:00:00","slug":"com-menor-valor-desde-novembro-dolar-cai-a-r-568","status":"publish","type":"post","link":"https:\/\/noticiasdestaque.com.br\/index.php\/2025\/03\/18\/com-menor-valor-desde-novembro-dolar-cai-a-r-568\/","title":{"rendered":"Com menor valor desde novembro, d\u00f3lar cai a R$ 5,68"},"content":{"rendered":"<p>\t\t\t\t\t\t\t\t\t\t<audio controls class=\"b61_audio_player\" data-noticia=\"80817\" src=\"https:\/\/brasil61.com\/rails\/active_storage\/blobs\/eyJfcmFpbHMiOnsibWVzc2FnZSI6IkJBaHBBN285QXc9PSIsImV4cCI6bnVsbCwicHVyIjoiYmxvYl9pZCJ9fQ==--d8a3da78d649349e59a397c07011f7a53c5e7ed3\/BRAS2513652A\"><\/audio><\/p>\n<p>Nesta ter\u00e7a-feira (18) o d\u00f3lar \u00e9 cotado a R$ 5,68, em queda de 1,03%. Este \u00e9 o menor valor da moeda americana desde novembro do ano passado, quando a divisa chegou a R$ 5,67.\u00a0<\/p>\n<p>Com uma semana agitada no cen\u00e1rio econ\u00f4mico, a queda da moeda americana pode ter rela\u00e7\u00e3o com a expectativa do mercado para a pr\u00f3xima reuni\u00e3o do Copom, o Comit\u00ea de Pol\u00edtica Monet\u00e1ria do Banco Central, que deve aumentar a taxa de juros em 1%, passando para 14,25% ao ano.\u00a0<\/p>\n<p>No cen\u00e1rio externo tamb\u00e9m h\u00e1 expectativa do mercado para a taxa de juros nos Estados Unidos, que deve\u00a0ser anunciada\u00a0pelo Federal Reserve.\u00a0<\/p>\n<p>\n\u00a0<\/p>\n<p>\t\t\t\t\t\t\t\t\t<img loading=\"lazy\" decoding=\"async\" src=\"https:\/\/brasil61.com\/api\/v1\/serve_pixel\/17677\/80817\" alt=\"Pixel Brasil 61\" class=\"b61_pixel\" width=\"0\" height=\"0\"><\/p>\n<input type=\"hidden\" id=\"baseurl\" value=\"https:\/\/noticiasdestaque.com.br\"><input type=\"hidden\" id=\"audio_nonce\" value=\"6f73a554f1\">","protected":false},"excerpt":{"rendered":"<p>Moeda americana caiu 1% seguindo tend\u00eancia do exterior<\/p>\n","protected":false},"author":1,"featured_media":42047,"comment_status":"open","ping_status":"open","sticky":false,"template":"","format":"standard","meta":{"fifu_image_url":"","fifu_image_alt":"","footnotes":""},"categories":[59],"tags":[],"class_list":["post-42046","post","type-post","status-publish","format-standard","has-post-thumbnail","hentry","category-economia"],"distributor_meta":false,"distributor_terms":false,"distributor_media":false,"distributor_original_site_name":"Noticias em Destaque","distributor_original_site_url":"https:\/\/noticiasdestaque.com.br","push-errors":false,"_links":{"self":[{"href":"https:\/\/noticiasdestaque.com.br\/index.php\/wp-json\/wp\/v2\/posts\/42046","targetHints":{"allow":["GET"]}}],"collection":[{"href":"https:\/\/noticiasdestaque.com.br\/index.php\/wp-json\/wp\/v2\/posts"}],"about":[{"href":"https:\/\/noticiasdestaque.com.br\/index.php\/wp-json\/wp\/v2\/types\/post"}],"author":[{"embeddable":true,"href":"https:\/\/noticiasdestaque.com.br\/index.php\/wp-json\/wp\/v2\/users\/1"}],"replies":[{"embeddable":true,"href":"https:\/\/noticiasdestaque.com.br\/index.php\/wp-json\/wp\/v2\/comments?post=42046"}],"version-history":[{"count":0,"href":"https:\/\/noticiasdestaque.com.br\/index.php\/wp-json\/wp\/v2\/posts\/42046\/revisions"}],"wp:featuredmedia":[{"embeddable":true,"href":"https:\/\/noticiasdestaque.com.br\/index.php\/wp-json\/wp\/v2\/media\/42047"}],"wp:attachment":[{"href":"https:\/\/noticiasdestaque.com.br\/index.php\/wp-json\/wp\/v2\/media?parent=42046"}],"wp:term":[{"taxonomy":"category","embeddable":true,"href":"https:\/\/noticiasdestaque.com.br\/index.php\/wp-json\/wp\/v2\/categories?post=42046"},{"taxonomy":"post_tag","embeddable":true,"href":"https:\/\/noticiasdestaque.com.br\/index.php\/wp-json\/wp\/v2\/tags?post=42046"}],"curies":[{"name":"wp","href":"https:\/\/api.w.org\/{rel}","templated":true}]}}