{"id":41934,"date":"2025-02-24T00:02:00","date_gmt":"2025-02-24T03:02:00","guid":{"rendered":"https:\/\/noticiasdestaque.com.br\/index.php\/2025\/02\/24\/semana-no-congresso-audiencia-sobre-emendas-e-destaque\/"},"modified":"2025-02-24T00:02:00","modified_gmt":"2025-02-24T03:02:00","slug":"semana-no-congresso-audiencia-sobre-emendas-e-destaque","status":"publish","type":"post","link":"https:\/\/noticiasdestaque.com.br\/index.php\/2025\/02\/24\/semana-no-congresso-audiencia-sobre-emendas-e-destaque\/","title":{"rendered":"Semana no Congresso: audi\u00eancia sobre emendas \u00e9 destaque"},"content":{"rendered":"<p>\t\t\t\t\t\t\t\t\t\t<audio controls class=\"b61_audio_player\" data-noticia=\"80415\" src=\"https:\/\/brasil61.com\/rails\/active_storage\/blobs\/eyJfcmFpbHMiOnsibWVzc2FnZSI6IkJBaHBBKzAyQXc9PSIsImV4cCI6bnVsbCwicHVyIjoiYmxvYl9pZCJ9fQ==--68e0fa8c0d3ba8f4c1a377b1573b2db0cd3051cf\/BRAS2513544A\"><\/audio><\/p>\n<p>A expectativa esta semana \u00e9 para a audi\u00eancia, marcada para a pr\u00f3xima quinta-feira (27), pelo ministro Fl\u00e1vio Dino, do Supremo Tribunal Federal, e os presidentes da C\u00e2mara, Hugo Motta (Republicanos-PB), e do Senado, Davi Alcolumbre (Uni\u00e3o Brasil-AP), al\u00e9m de representantes do Executivo. O objetivo do encontro \u00e9 esclarecer pontos sobre a transpar\u00eancia das emendas parlamentares e, finalmente, chegar a um consenso sobre o assunto.<\/p>\n<p>\u00c9 em torno desse encontro que est\u00e1 o foco da semana\u00a0que antecede o feriado de Carnaval \u2014 que ser\u00e1 de recesso para os parlamentares. Este encontro\u00a0pode definir importantes esclarecimentos e, enfim, destravar a vota\u00e7\u00e3o do Or\u00e7amento 2025, prevista s\u00f3 para o final de mar\u00e7o.\u00a0<\/p>\n<p>Para o presidente da Comiss\u00e3o Mista de Or\u00e7amento (CMO), deputado J\u00falio Arcoverde (PP-PI), o relat\u00f3rio da LOA 2025 s\u00f3 ser\u00e1 poss\u00edvel ap\u00f3s a reuni\u00e3o, j\u00e1 que a partir dela, \u201cdeve-se criar seguran\u00e7a jur\u00eddica para garantir um or\u00e7amento s\u00f3lido e respons\u00e1vel\u201d, informou , por meio de nota.<\/p>\n<h2>Outros projetos<\/h2>\n<p>J\u00e1 est\u00e1 na C\u00e2mara, depois de ser aprovado no Senado, o PLP 22\/2025, que prev\u00ea que a liquida\u00e7\u00e3o de restos a pagar seja prorrogada at\u00e9 2026. O objetivo do texto, que deve ser prioridade na Casa, \u00e9 garantir que projetos e obras p\u00fablicas, como obras em estradas, escolas e hospitais, n\u00e3o sejam paralisados.<\/p>\n<p>Outro debate gira em torno do Plano Safra, que teve novos contratos suspensos pelo Tesouro Nacional na semana passada. O ministro da Fazenda Fernando Haddad cobra agilidade na vota\u00e7\u00e3o do Or\u00e7amento para poder destravar o Plano Safra 2024\/2025.\u00a0<\/p>\n<p>Ainda sem data para vota\u00e7\u00e3o em plen\u00e1rio, projetos ligados \u00e0 seguran\u00e7a p\u00fablica, como o que triplica a pena para crime com arma roubada de agente p\u00fablico. O PL 4044\/24 precisa ser analisado pela comiss\u00e3o de Seguran\u00e7a P\u00fablica e Combate ao Crime Organizado\u00a0e de Constitui\u00e7\u00e3o e Justi\u00e7a e de Cidadania, antes de seguir para plen\u00e1rio.\u00a0<br \/>\n\u00a0<\/p>\n<p>\t\t\t\t\t\t\t\t\t<img loading=\"lazy\" decoding=\"async\" src=\"https:\/\/brasil61.com\/api\/v1\/serve_pixel\/17677\/80415\" alt=\"Pixel Brasil 61\" class=\"b61_pixel\" width=\"0\" height=\"0\"><\/p>\n<input type=\"hidden\" id=\"baseurl\" value=\"https:\/\/noticiasdestaque.com.br\"><input type=\"hidden\" id=\"audio_nonce\" value=\"6f73a554f1\">","protected":false},"excerpt":{"rendered":"<p>Encontro entre os tr\u00eas poderes agendado por ministro Fl\u00e1vio Dino, do STF, ser\u00e1 no pr\u00f3ximo dia 27; expectativa \u00e9 sobre acordo antes da vota\u00e7\u00e3o do Or\u00e7amento <\/p>\n","protected":false},"author":1,"featured_media":41935,"comment_status":"open","ping_status":"open","sticky":false,"template":"","format":"standard","meta":{"fifu_image_url":"","fifu_image_alt":"","footnotes":""},"categories":[50],"tags":[],"class_list":["post-41934","post","type-post","status-publish","format-standard","has-post-thumbnail","hentry","category-politica"],"distributor_meta":false,"distributor_terms":false,"distributor_media":false,"distributor_original_site_name":"Noticias em Destaque","distributor_original_site_url":"https:\/\/noticiasdestaque.com.br","push-errors":false,"_links":{"self":[{"href":"https:\/\/noticiasdestaque.com.br\/index.php\/wp-json\/wp\/v2\/posts\/41934","targetHints":{"allow":["GET"]}}],"collection":[{"href":"https:\/\/noticiasdestaque.com.br\/index.php\/wp-json\/wp\/v2\/posts"}],"about":[{"href":"https:\/\/noticiasdestaque.com.br\/index.php\/wp-json\/wp\/v2\/types\/post"}],"author":[{"embeddable":true,"href":"https:\/\/noticiasdestaque.com.br\/index.php\/wp-json\/wp\/v2\/users\/1"}],"replies":[{"embeddable":true,"href":"https:\/\/noticiasdestaque.com.br\/index.php\/wp-json\/wp\/v2\/comments?post=41934"}],"version-history":[{"count":0,"href":"https:\/\/noticiasdestaque.com.br\/index.php\/wp-json\/wp\/v2\/posts\/41934\/revisions"}],"wp:featuredmedia":[{"embeddable":true,"href":"https:\/\/noticiasdestaque.com.br\/index.php\/wp-json\/wp\/v2\/media\/41935"}],"wp:attachment":[{"href":"https:\/\/noticiasdestaque.com.br\/index.php\/wp-json\/wp\/v2\/media?parent=41934"}],"wp:term":[{"taxonomy":"category","embeddable":true,"href":"https:\/\/noticiasdestaque.com.br\/index.php\/wp-json\/wp\/v2\/categories?post=41934"},{"taxonomy":"post_tag","embeddable":true,"href":"https:\/\/noticiasdestaque.com.br\/index.php\/wp-json\/wp\/v2\/tags?post=41934"}],"curies":[{"name":"wp","href":"https:\/\/api.w.org\/{rel}","templated":true}]}}