{"id":41922,"date":"2025-01-24T00:03:00","date_gmt":"2025-01-24T03:03:00","guid":{"rendered":"https:\/\/noticiasdestaque.com.br\/index.php\/2025\/01\/24\/novos-prefeitos-novo-ciclo-de-gestao-publica-sera-tema-central-de-encontro-em-fevereiro\/"},"modified":"2025-01-24T00:03:00","modified_gmt":"2025-01-24T03:03:00","slug":"novos-prefeitos-novo-ciclo-de-gestao-publica-sera-tema-central-de-encontro-em-fevereiro","status":"publish","type":"post","link":"https:\/\/noticiasdestaque.com.br\/index.php\/2025\/01\/24\/novos-prefeitos-novo-ciclo-de-gestao-publica-sera-tema-central-de-encontro-em-fevereiro\/","title":{"rendered":"Novos prefeitos: novo ciclo de gest\u00e3o p\u00fablica ser\u00e1 tema central de encontro em fevereiro"},"content":{"rendered":"<p>\t\t\t\t\t\t\t\t\t\t<audio controls class=\"b61_audio_player\" data-noticia=\"79823\" src=\"https:\/\/brasil61.com\/rails\/active_storage\/blobs\/eyJfcmFpbHMiOnsibWVzc2FnZSI6IkJBaHBBeXd0QXc9PSIsImV4cCI6bnVsbCwicHVyIjoiYmxvYl9pZCJ9fQ==--2d37d730cc5ff3f29d876ec5f25d2ca81170f336\/BRAS2513370A\"><\/audio><\/p>\n<p>Mais de <a href=\"https:\/\/brasil61.com\/n\/mais-de-3-mil-novos-prefeitos-tomam-posse-nesta-quarta-feira-1-bras2413248\">3 mil munic\u00edpios brasileiros elegeram, em 2024, novos prefeitos e vice-prefeitos<\/a>, s\u00e3o esses gestores que estar\u00e3o \u00e0 frente do Executivo local pelos pr\u00f3ximos quatro anos. Para preparar esses gestores e anunciar as novas a\u00e7\u00f5es do governo federal, um encontro ser\u00e1 promovido pela Associa\u00e7\u00e3o Brasileira de Munic\u00edpios (ABM) em parceria com a Uni\u00e3o.\u00a0<\/p>\n<p>O Encontro de Novos Prefeitos e Prefeitas est\u00e1 marcado para os dias 11, 12 e 13 de fevereiro, no Centro de Conven\u00e7\u00f5es Ulysses Guimar\u00e3es, em Bras\u00edlia, e s\u00e3o esperadas mais de 20 mil pessoas.\u00a0<\/p>\n<p>Segundo o presidente da Uni\u00e3o dos Munic\u00edpios da Bahia (UPB), Quinho Tigre, entidade que representa 417 munic\u00edpios baianos, cerca de 200 gestores do estado j\u00e1 confirmaram presen\u00e7a no evento.\u00a0<\/p>\n<p>\u201cSem d\u00favida nenhuma cria-se um momento novo, haja vista que o tema principal \u00e9 a perspectiva do novo mandato, que oportuniza n\u00e3o s\u00f3 aqueles que foram eleitos, mas tamb\u00e9m os que foram reeleitos. Trazendo informa\u00e7\u00f5es, mostrando a condi\u00e7\u00e3o que eles ter\u00e3o de realizar a sua gest\u00e3o nos pr\u00f3ximos 4 anos.\u201d\u00a0<\/p>\n<p>\u00a0<\/p>\n<h2>Sobre o evento<\/h2>\n<p>Al\u00e9m de prefeitos e vice-prefeitos, o evento tamb\u00e9m \u00e9 voltado para secret\u00e1rios municipais e t\u00e9cnicos. Fazem parte da programa\u00e7\u00e3o, nos tr\u00eas dias de evento, palestras, oficinas, paineis e espa\u00e7os interativos. Entre os temas a serem abordados est\u00e3o gest\u00e3o financeira, planejamento urbano, desenvolvimento social, sa\u00fade, educa\u00e7\u00e3o e meio ambiente.<\/p>\n<p>No encontro, os participantes tamb\u00e9m ter\u00e3o informa\u00e7\u00f5es sobre programas e recursos dispon\u00edveis aos munic\u00edpios e receber\u00e3o manuais com o passo a passo para acessar esses recursos. Al\u00e9m disso, ter\u00e3o acesso a espa\u00e7os imersivos que simulam situa\u00e7\u00f5es da administra\u00e7\u00e3o p\u00fablica.<\/p>\n<p>Nos tr\u00eas dias de evento, os novos gestores ainda ter\u00e3o a oportunidade de fazer uma conex\u00e3o direta com minist\u00e9rios, especialistas e outros gestores p\u00fablicos, uma chance de tirar d\u00favidas e estabelecer parcerias.\u00a0<\/p>\n<p>\u00a0<\/p>\n<h2>Como participar?<\/h2>\n<p>Para se inscrever no evento, \u00e9 s\u00f3 acessar o <a href=\"https:\/\/bit.ly\/inscricaoENPP\">link<\/a>.<\/p>\n<p>Outra ferramenta do governo federal para auxiliar a gest\u00e3o p\u00fablica \u00e9 o <a href=\"https:\/\/www.gov.br\/sri\/pt-br\/SEAF\/portalfederativo\">Portal Federativo<\/a>. O site oferece informa\u00e7\u00f5es essenciais, recursos e ferramentas destinados a prefeitos, governadores, secret\u00e1rios e gestores estaduais e municipais, facilitando a intera\u00e7\u00e3o entre Uni\u00e3o e entes federativos.\u00a0<\/p>\n<p>\u00a0<\/p>\n<p>\t\t\t\t\t\t\t\t\t<img loading=\"lazy\" decoding=\"async\" src=\"https:\/\/brasil61.com\/api\/v1\/serve_pixel\/17677\/79823\" alt=\"Pixel Brasil 61\" class=\"b61_pixel\" width=\"0\" height=\"0\"><\/p>\n<input type=\"hidden\" id=\"baseurl\" value=\"https:\/\/noticiasdestaque.com.br\"><input type=\"hidden\" id=\"audio_nonce\" value=\"6f73a554f1\">","protected":false},"excerpt":{"rendered":"<p>Evento marcado para os dias 11, 12 e 13 de fevereiro em parceria com o Governo Federal, deve reunir 20 mil pessoas em Bras\u00edlia com o intuito de impulsionar a governan\u00e7a municipal<\/p>\n","protected":false},"author":1,"featured_media":41923,"comment_status":"open","ping_status":"open","sticky":false,"template":"","format":"standard","meta":{"fifu_image_url":"","fifu_image_alt":"","footnotes":""},"categories":[50],"tags":[],"class_list":["post-41922","post","type-post","status-publish","format-standard","has-post-thumbnail","hentry","category-politica"],"distributor_meta":false,"distributor_terms":false,"distributor_media":false,"distributor_original_site_name":"Noticias em Destaque","distributor_original_site_url":"https:\/\/noticiasdestaque.com.br","push-errors":false,"_links":{"self":[{"href":"https:\/\/noticiasdestaque.com.br\/index.php\/wp-json\/wp\/v2\/posts\/41922","targetHints":{"allow":["GET"]}}],"collection":[{"href":"https:\/\/noticiasdestaque.com.br\/index.php\/wp-json\/wp\/v2\/posts"}],"about":[{"href":"https:\/\/noticiasdestaque.com.br\/index.php\/wp-json\/wp\/v2\/types\/post"}],"author":[{"embeddable":true,"href":"https:\/\/noticiasdestaque.com.br\/index.php\/wp-json\/wp\/v2\/users\/1"}],"replies":[{"embeddable":true,"href":"https:\/\/noticiasdestaque.com.br\/index.php\/wp-json\/wp\/v2\/comments?post=41922"}],"version-history":[{"count":0,"href":"https:\/\/noticiasdestaque.com.br\/index.php\/wp-json\/wp\/v2\/posts\/41922\/revisions"}],"wp:featuredmedia":[{"embeddable":true,"href":"https:\/\/noticiasdestaque.com.br\/index.php\/wp-json\/wp\/v2\/media\/41923"}],"wp:attachment":[{"href":"https:\/\/noticiasdestaque.com.br\/index.php\/wp-json\/wp\/v2\/media?parent=41922"}],"wp:term":[{"taxonomy":"category","embeddable":true,"href":"https:\/\/noticiasdestaque.com.br\/index.php\/wp-json\/wp\/v2\/categories?post=41922"},{"taxonomy":"post_tag","embeddable":true,"href":"https:\/\/noticiasdestaque.com.br\/index.php\/wp-json\/wp\/v2\/tags?post=41922"}],"curies":[{"name":"wp","href":"https:\/\/api.w.org\/{rel}","templated":true}]}}