{"id":41913,"date":"2025-03-01T00:02:00","date_gmt":"2025-03-01T03:02:00","guid":{"rendered":"https:\/\/noticiasdestaque.com.br\/index.php\/2025\/03\/01\/covid-19-fiocruz-alerta-sobre-cuidados-no-carnaval-para-evitar-aumento-de-casos-de-complicacoes-respiratorias\/"},"modified":"2025-03-01T00:02:00","modified_gmt":"2025-03-01T03:02:00","slug":"covid-19-fiocruz-alerta-sobre-cuidados-no-carnaval-para-evitar-aumento-de-casos-de-complicacoes-respiratorias","status":"publish","type":"post","link":"https:\/\/noticiasdestaque.com.br\/index.php\/2025\/03\/01\/covid-19-fiocruz-alerta-sobre-cuidados-no-carnaval-para-evitar-aumento-de-casos-de-complicacoes-respiratorias\/","title":{"rendered":"Covid-19: Fiocruz alerta sobre cuidados no Carnaval para evitar aumento de casos de complica\u00e7\u00f5es respirat\u00f3rias"},"content":{"rendered":"<p>\t\t\t\t\t\t\t\t\t\t<audio controls class=\"b61_audio_player\" data-noticia=\"80573\" src=\"https:\/\/brasil61.com\/rails\/active_storage\/blobs\/eyJfcmFpbHMiOnsibWVzc2FnZSI6IkJBaHBBekU1QXc9PSIsImV4cCI6bnVsbCwicHVyIjoiYmxvYl9pZCJ9fQ==--2eb3a0f7719a005b100fb05bf6cd93a209d15213\/BRAS2513585A\"><\/audio><\/p>\n<p>No momento, n\u00e3o h\u00e1 no pa\u00eds nenhuma \u00e1rea de alto risco em rela\u00e7\u00e3o \u00e0 Covid-19, segundo a Funda\u00e7\u00e3o Oswaldo Cruz (Fiocruz). Entretanto, o<a href=\"https:\/\/agencia.fiocruz.br\/carnaval-infogripe-destaca-cuidados-para-aproveitar-folia-com-seguranca\" target=\"_blank\"> boletim Infogripe<\/a> da institui\u00e7\u00e3o, alerta que a aglomera\u00e7\u00e3o de pessoas favorece a transmiss\u00e3o de v\u00edrus respirat\u00f3rios e alguns cuidados s\u00e3o necess\u00e1rios para festejar em seguran\u00e7a.<\/p>\n<p>Segundo a pesquisadora Tatiana Portella, do Programa de Computa\u00e7\u00e3o Cient\u00edfica da Fiocruz e do Boletim InfoGripe, uma das orienta\u00e7\u00f5es para aproveitar a folia de forma segura \u00e9 evitar participar das festas caso apresente sintomas de s\u00edndrome gripal, como coriza, dor de garganta, febre ou tosse. A medida serve para n\u00e3o transmitir o v\u00edrus para outras pessoas e, assim, evitar aumento de casos de complica\u00e7\u00f5es respirat\u00f3rias.<\/p>\n<p>\u201cOutra op\u00e7\u00e3o \u00e9 curtir o Carnaval usando uma boa m\u00e1scara e priorizando ambientes abertos\u201d, disse Portella.<\/p>\n<p>Al\u00e9m disso, a pesquisadora refor\u00e7a no Boletim que outra recomenda\u00e7\u00e3o importante \u00e9 que todos estejam em dia com a vacina\u00e7\u00e3o contra a Covid-19, especialmente aqueles que comp\u00f5em os grupos de risco, como idosos, crian\u00e7as e pessoas com comorbidades.<\/p>\n<h2>Situa\u00e7\u00e3o nacional<\/h2>\n<p>O InfoGripe, divulgado na quinta-feira (27), segue apresentando sinal de aumento de casos de S\u00edndrome Respirat\u00f3ria Aguda Grave (SRAG) entre crian\u00e7as e adolescentes de at\u00e9 14 anos, especialmente nas regi\u00f5es Norte, Centro-Oeste e no estado de Sergipe.<\/p>\n<p>Em contrapartida, a an\u00e1lise aponta tend\u00eancia de estabilidade ou oscila\u00e7\u00e3o no n\u00famero de novos casos de Covid-19, que atinge os mais idosos, principalmente em alguns estados das regi\u00f5es Norte, Nordeste e em Mato Grosso. \u00a0<\/p>\n<p>Conforme o Boletim, em 2025 j\u00e1 foram notificados 13.551 casos de SRAG, sendo 4.560 (33,7%) com resultado laboratorial positivo para algum v\u00edrus respirat\u00f3rio, 6.188 (45,7%) negativos, e ao menos 1.828 (13,5%) aguardando resultado laboratorial.<\/p>\n<p>Entre os casos positivos, 48,7% foram de Sars-CoV-2, ou seja, de Covid-19.\u00a0<\/p>\n<h2>Situa\u00e7\u00e3o da Covid no seu estado e munic\u00edpio<\/h2>\n<p>Acesse painel do Brasil 61, com dados extra\u00eddos do Minist\u00e9rio da Sa\u00fade, e consulte a situa\u00e7\u00e3o da doen\u00e7a na sua localidade.<\/p>\n<p><a href=\"https:\/\/brasil61.com\/painelcovid\"><img decoding=\"async\" style=\"width:100%\" alt=\"\" src=\"https:\/\/noticiasdestaque.com.br\/wp-content\/uploads\/2025\/03\/Covid-19FiocruzalertasobrecuidadosnoCarnavalparaevitaraumentodecasosdecomplicaesrespiratrias_0438702001741147365.jpeg\" \/><\/a>\u00a0 \u00a0<\/p>\n<h2>Carnaval<\/h2>\n<p>O Carnaval ocorre entre 3 e 5 de mar\u00e7o, per\u00edodo marcado por grandes aglomera\u00e7\u00f5es e movimento populacional para diferentes estados e cidades. O infectologista \u00a0Manuel Pal\u00e1cios afirma que esse fluxo de pessoas aumenta significativamente o risco de transmiss\u00e3o de doen\u00e7as respirat\u00f3rias, incluindo a Covid-19.\u00a0<\/p>\n<p>\u201cO grande n\u00famero de pessoas reunidas e a proximidade entre os indiv\u00edduos de conviv\u00eancia nos espa\u00e7os fechados ou mal ventilados s\u00e3o fatores que contribuem para a propaga\u00e7\u00e3o do v\u00edrus\u201d, aponta Pal\u00e1cios.<\/p>\n<p>Segundo o infectologista, a situa\u00e7\u00e3o atual da Covid-19 no pa\u00eds requer aten\u00e7\u00e3o e cautela dos brasileiros, j\u00e1 que h\u00e1 risco de novas variantes come\u00e7arem a circular com maior taxa de transmissibilidade.\u00a0<\/p>\n<p>\u201cA situa\u00e7\u00e3o atual da Covid-19 no Brasil exige aten\u00e7\u00e3o. Embora o n\u00famero de casos de \u00f3bitos esteja em n\u00edveis mais baixos em compara\u00e7\u00e3o aos picos da pandemia, a situa\u00e7\u00e3o n\u00e3o pode ser subestimada. O principal risco neste momento \u00e9 o comportamento de novas variantes do v\u00edrus, que podem ser mais transmiss\u00edveis, o que leva a um aumento nos casos\u201d, afirma Manuel Pal\u00e1cios. \u00a0<\/p>\n<h2>Folias canceladas e retorno de m\u00e1scara\u00a0<\/h2>\n<p>O aumento de casos de Covid vem sendo registrado em munic\u00edpios do interior e preocupa gestores. Em Aragua\u00edna (TO), 231 novos casos foram confirmados no per\u00edodo de 13 a 19 de fevereiro \u2013 desses, 67 est\u00e3o ativos e 45 casos s\u00e3o suspeitos. Em nota ao <strong>Brasil 61<\/strong>, a prefeitura do munic\u00edpio informou que de 1\u00b0 a 18 de fevereiro de 2025 foram registrados 360 casos de Covid-19 na cidade;\u00a0j\u00e1 em fevereiro de 2024 foram registrados 419 casos.<\/p>\n<p>A secret\u00e1ria de sa\u00fade de Aragua\u00edna, Ana Paula Abadia, afirmou que a pasta est\u00e1 monitorando os dados da Covid-19 para que sejam tomadas as decis\u00f5es necess\u00e1rias para a mitiga\u00e7\u00e3o da doen\u00e7a no munic\u00edpio. Entre as a\u00e7\u00f5es, a prefeitura decidiu cancelar o Carnaval na localidade e destinar os recursos do evento \u00e0 sa\u00fade, como medida para conter o avan\u00e7o da Covid-19. Os valores s\u00e3o na ordem de R$ 1,2 mi.<\/p>\n<p>No Maranh\u00e3o, um decreto da prefeitura de Amarante proibiu festejos de Carnaval, p\u00fablicos e privados, por 15 dias. A justificativa \u00e9 que a a\u00e7\u00e3o seja uma medida preventiva contra o aumento de casos de Covid-19.<\/p>\n<p>Em fun\u00e7\u00e3o do avan\u00e7o da doen\u00e7a no Tocantins, alguns munic\u00edpios decretaram o retorno do uso obrigat\u00f3rio da m\u00e1scara para alertar a popula\u00e7\u00e3o contra a doen\u00e7a. Segundo a Gazeta do Cerrado, os munic\u00edpios s\u00e3o\u00a0S\u00e3o Sebasti\u00e3o, no Bico, Lajeado, Cristal\u00e2ndia e Baba\u00e7ul\u00e2ndia.\u00a0<\/p>\n<p>A Prefeitura de Embu das Artes, na Grande S\u00e3o Paulo, tamb\u00e9m determinou o retorno do uso obrigat\u00f3rio de m\u00e1scara para os servidores da \u00e1rea da sa\u00fade e pacientes com sintomas respirat\u00f3rios ou que tenham testado positivo para a Covid-19. A indica\u00e7\u00e3o \u00e9 de que a m\u00e1scara seja utilizada nas Unidades B\u00e1sicas de Sa\u00fade (UBS).\u00a0<br \/>\n\u00a0<\/p>\n<p>\t\t\t\t\t\t\t\t\t<img loading=\"lazy\" decoding=\"async\" src=\"https:\/\/brasil61.com\/api\/v1\/serve_pixel\/17677\/80573\" alt=\"Pixel Brasil 61\" class=\"b61_pixel\" width=\"0\" height=\"0\"><\/p>\n<input type=\"hidden\" id=\"baseurl\" value=\"https:\/\/noticiasdestaque.com.br\"><input type=\"hidden\" id=\"audio_nonce\" value=\"6a24ca502e\">","protected":false},"excerpt":{"rendered":"<p>Boletim Infogripe aponta que h\u00e1 sinal de aumento de casos de S\u00edndrome Respirat\u00f3ria Aguda Grave (SRAG) entre crian\u00e7as e adolescentes de at\u00e9 14 anos, especialmente nas regi\u00f5es Norte, Centro-Oeste e no estado de Sergipe<\/p>\n","protected":false},"author":1,"featured_media":41914,"comment_status":"open","ping_status":"open","sticky":false,"template":"","format":"standard","meta":{"fifu_image_url":"","fifu_image_alt":"","footnotes":""},"categories":[51],"tags":[],"class_list":["post-41913","post","type-post","status-publish","format-standard","has-post-thumbnail","hentry","category-saude"],"distributor_meta":false,"distributor_terms":false,"distributor_media":false,"distributor_original_site_name":"Noticias em Destaque","distributor_original_site_url":"https:\/\/noticiasdestaque.com.br","push-errors":false,"_links":{"self":[{"href":"https:\/\/noticiasdestaque.com.br\/index.php\/wp-json\/wp\/v2\/posts\/41913","targetHints":{"allow":["GET"]}}],"collection":[{"href":"https:\/\/noticiasdestaque.com.br\/index.php\/wp-json\/wp\/v2\/posts"}],"about":[{"href":"https:\/\/noticiasdestaque.com.br\/index.php\/wp-json\/wp\/v2\/types\/post"}],"author":[{"embeddable":true,"href":"https:\/\/noticiasdestaque.com.br\/index.php\/wp-json\/wp\/v2\/users\/1"}],"replies":[{"embeddable":true,"href":"https:\/\/noticiasdestaque.com.br\/index.php\/wp-json\/wp\/v2\/comments?post=41913"}],"version-history":[{"count":0,"href":"https:\/\/noticiasdestaque.com.br\/index.php\/wp-json\/wp\/v2\/posts\/41913\/revisions"}],"wp:featuredmedia":[{"embeddable":true,"href":"https:\/\/noticiasdestaque.com.br\/index.php\/wp-json\/wp\/v2\/media\/41914"}],"wp:attachment":[{"href":"https:\/\/noticiasdestaque.com.br\/index.php\/wp-json\/wp\/v2\/media?parent=41913"}],"wp:term":[{"taxonomy":"category","embeddable":true,"href":"https:\/\/noticiasdestaque.com.br\/index.php\/wp-json\/wp\/v2\/categories?post=41913"},{"taxonomy":"post_tag","embeddable":true,"href":"https:\/\/noticiasdestaque.com.br\/index.php\/wp-json\/wp\/v2\/tags?post=41913"}],"curies":[{"name":"wp","href":"https:\/\/api.w.org\/{rel}","templated":true}]}}