{"id":41828,"date":"2025-02-21T10:00:00","date_gmt":"2025-02-21T13:00:00","guid":{"rendered":"https:\/\/noticiasdestaque.com.br\/index.php\/2025\/02\/21\/covid-19-municipios-do-interior-registraram-68-mil-casos-em-2025-doenca-volta-a-preocupar-gestores\/"},"modified":"2025-02-21T10:00:00","modified_gmt":"2025-02-21T13:00:00","slug":"covid-19-municipios-do-interior-registraram-68-mil-casos-em-2025-doenca-volta-a-preocupar-gestores","status":"publish","type":"post","link":"https:\/\/noticiasdestaque.com.br\/index.php\/2025\/02\/21\/covid-19-municipios-do-interior-registraram-68-mil-casos-em-2025-doenca-volta-a-preocupar-gestores\/","title":{"rendered":"Covid-19: munic\u00edpios do interior registraram 68 mil casos em 2025; doen\u00e7a volta a preocupar gestores"},"content":{"rendered":"<p>\t\t\t\t\t\t\t\t\t\t<audio controls class=\"b61_audio_player\" data-noticia=\"80388\" src=\"https:\/\/brasil61.com\/rails\/active_storage\/blobs\/eyJfcmFpbHMiOnsibWVzc2FnZSI6IkJBaHBBM2syQXc9PSIsImV4cCI6bnVsbCwicHVyIjoiYmxvYl9pZCJ9fQ==--87b764f0f31422e85c516839d7ff1972b7ccf571\/BRAS2513538A\"><\/audio><\/p>\n<p>At\u00e9 o dia 8 de fevereiro, que corresponde \u00e0 Semana Epidemiol\u00f3gica (SE) 6, foram notificados 94.701 casos de Covid-19 no pa\u00eds e 429 \u00f3bitos pela doen\u00e7a. Do total, 68.638 registros foram feitos nos munic\u00edpios do interior, que somam 271 mortes. Apesar da diminui\u00e7\u00e3o de 21,12% na m\u00e9dia m\u00f3vel de casos, houve aumento de 15,52% na m\u00e9dia m\u00f3vel de \u00f3bitos em compara\u00e7\u00e3o \u00e0 SE 5. E o aumento de casos em munic\u00edpios do interior do pa\u00eds preocupa os gestores, especialmente com a proximidade do Carnaval. Os dados s\u00e3o do<a href=\"http:\/\/www.gov.br\/saude\/pt-br\/assuntos\/saude-de-a-a-z\/c\/covid-19\/atualizacao-de-casos\/informe-se-6-de-2025.pdf\/view\"> Informe Vigil\u00e2ncia das S\u00edndromes Gripais<\/a> do Minist\u00e9rio da Sa\u00fade.<\/p>\n<p>Na apura\u00e7\u00e3o dos dados, o\u00a0<strong>Brasil 61 <\/strong>seguiu\u00a0o crit\u00e9rio de defini\u00e7\u00e3o de munic\u00edpio do interior utilizado pelo <b>Fundo de Participa\u00e7\u00e3o dos Munic\u00edpios<\/b>\u00a0<strong>(FPM)<\/strong>. Pela l\u00f3gica do fundo, os munic\u00edpios de interior s\u00e3o todas as cidades que n\u00e3o s\u00e3o as capitais de seus estados<\/p>\n<p>Apenas na semana 6 foram registrados 8.865 casos de Covid-19, com uma incid\u00eancia de 4,15% de casos por 100 mil habitantes. O especialista em doen\u00e7as tropicais do hospital Anchieta e infectologista\u00a0Manuel Palacios\u00a0afirma que o percentual \u00e9 um sinal de alerta para a popula\u00e7\u00e3o. \u201cIsso indica uma poss\u00edvel acelera\u00e7\u00e3o do v\u00edrus em determinadas \u00e1reas\u201d, diz.<\/p>\n<p>Os casos reportados na SE 6 apontam que houve um sinal de alta em estados do Norte e Centro-Oeste, onde foi reportada\u00a0uma maior propor\u00e7\u00e3o de S\u00edndrome Respirat\u00f3ria Aguda Grave (SRAG) por Covid-19. Esses casos ocorreram especialmente entre idosos, em alguns estados dessas regi\u00f5es.<\/p>\n<p>O Cear\u00e1 foi o estado que registrou o maior n\u00famero de pessoas com a doen\u00e7a em munic\u00edpios do interior at\u00e9 agora, segundo o Painel de Covid-19 do MS. S\u00e3o 12.172 casos. Outros dados, do Boletim InfoGripe da Fiocruz do in\u00edcio de janeiro, mostram que o estado manteve aumento de casos da doen\u00e7a. Na semana 02\/2025, Maranguape (CE) teve 581 casos confirmados.<\/p>\n<p>Na avalia\u00e7\u00e3o de Palacios, a situa\u00e7\u00e3o da doen\u00e7a no pa\u00eds requer aten\u00e7\u00e3o e cautela dos brasileiros, tendo em vista que h\u00e1 risco de novas variantes come\u00e7arem a circular com maior taxa de transmissibilidade.\u00a0<\/p>\n<p>\u201cA situa\u00e7\u00e3o atual da Covid-19 no Brasil exige aten\u00e7\u00e3o, especialmente com o aumento de casos registrados em algumas regi\u00f5es como o norte e centro-oeste do pa\u00eds. Embora o n\u00famero de casos de \u00f3bitos estejam em n\u00edveis mais baixos em compara\u00e7\u00e3o aos picos da pandemia, a situa\u00e7\u00e3o n\u00e3o pode ser subestimada\u201d, destaca o infectologista.<\/p>\n<p>\u201cO principal risco neste momento \u00e9 o comportamento de novas variantes do v\u00edrus, que podem ser mais transmiss\u00edveis, o que leva a um aumento nos casos\u201d, completa Manuel Palacios.<\/p>\n<h2>Carnaval &#8216;cancelado&#8217; e volta das m\u00e1scaras<\/h2>\n<p>O aumento de casos de Covid vem sendo registadro em munic\u00edpios do interior e preocupa gestores.\u00a0Em Aragua\u00edna (TO), 231 novos casos foram confirmados no per\u00edodo de 13 a 19 de fevereiro \u2013 desses, 67 est\u00e3o ativos e 45 casos s\u00e3o suspeitos. Em nota ao Brasil 61, a prefeitura do munic\u00edpio informou que de 1\u00b0 a 18 de fevereiro de 2025 foram registrados 360 casos de Covid-19 na cidade, j\u00e1 em fevereiro de 2024 foram registrados 419 casos.<\/p>\n<p>A secret\u00e1ria de sa\u00fade de Aragua\u00edna, Ana Paula Abadia, afirma que a pasta est\u00e1 monitorando os dados da Covid-19 para que sejam tomadas as decis\u00f5es necess\u00e1rias para a mitiga\u00e7\u00e3o da doen\u00e7a no munic\u00edpio. Entre as a\u00e7\u00f5es, a prefeitura decidiu cancelar o Carnaval na localidade e destinar os recursos do evento \u00e0 sa\u00fade, como medida\u00a0para conter o avan\u00e7o da Covid-19.\u00a0<\/p>\n<p>&#8220;O prefeito Wagner Rodrigues anunciou que os recursos inicialmente destinados \u00e0 festividade de Carnaval, que seriam na ordem de R$ 1,2 milh\u00e3o,\u00a0provenientes do tesouro municipal, ser\u00e3o redirecionados para a \u00e1rea da sa\u00fade. E com esses recursos, n\u00f3s iremos implantar a primeira cl\u00ednica veterin\u00e1ria p\u00fablica daqui de Aragua\u00edna e a Cl\u00ednica de Sa\u00fade Mental&#8221;, salienta.<\/p>\n<p>Por conta do avan\u00e7o da doen\u00e7a no Tocantins, alguns munic\u00edpios decretaram o retorno do uso obrigat\u00f3rio da m\u00e1scara para alertar a popula\u00e7\u00e3o contra a doen\u00e7a. Segundo a Gazeta do Cerrado, os munic\u00edpios s\u00e3o: S\u00e3o Sebasti\u00e3o, no Bico,\u00a0Lajeado, Cristal\u00e2ndia e Baba\u00e7ul\u00e2ndia.\u00a0<\/p>\n<p>J\u00e1 em Carolina (MA),\u00a0foram registrados 51 casos positivos de Covid-19 at\u00e9 agora, sendo que 40 pessoas se recuperaram e 11 ainda est\u00e3o com a doen\u00e7a ativa. Os dados s\u00e3o de\u00a0Boletim Epidemiol\u00f3gico divulgado pela prefeitura.<br \/>\n\u00a0<\/p>\n<p><strong>Confira o n\u00famero de casos e de \u00f3bitos em munic\u00edpios do interior de 01\/01 at\u00e9 08\/02 \u2013 que corresponde a SE 6, conforme dados do MS:<\/strong><\/p>\n<ul>\n<li>AC: 1. 850 casos; 13 \u00f3bitos<\/li>\n<li>AL: 801 casos; 2 \u00f3bitos<\/li>\n<li>AM: 2.121 casos; 0 \u00f3bitos<\/li>\n<li>AP: 20 casos; 1 \u00f3bito<\/li>\n<li>BA: 1.233 casos; 8 \u00a0\u00f3bitos<\/li>\n<li>CE: 12.172 casos; 0 \u00f3bitos<\/li>\n<li>DF: (em branco) casos; (em branco) \u00f3bitos<\/li>\n<li>ES: 1.099 casos; 4 \u00f3bitos<\/li>\n<li>GO: 5.984 casos; &#8211; 107 \u00f3bitos<\/li>\n<li>MA: 436 casos; 0 \u00f3bitos<\/li>\n<li>MG: 8.356 casos; 64 \u00f3bitos<\/li>\n<li>MS: 801 casos; 12 \u00f3bitos<\/li>\n<li>MT: 5.302 casos; 10 \u00f3bitos<\/li>\n<li>PA: 2.817 casos; 14 \u00f3bitos<\/li>\n<li>PB: 2.652 casos; 24 \u00f3bitos<\/li>\n<li>PE: 4.359 casos; 13 \u00f3bitos<\/li>\n<li>PI: 153 casos; 1 \u00f3bito<\/li>\n<li>PR:1.706 casos; -24 \u00f3bitos<\/li>\n<li>RJ: 2.655 casos; 39 \u00f3bitos<\/li>\n<li>RN: 1.324 casos; 10 \u00f3bitos<\/li>\n<li>RR: 44 casos; 0 \u00f3bitos<\/li>\n<li>RS: \u00a02.911 casos; 44 \u00f3bitos<\/li>\n<li>SC: 1.738 casos; 11 \u00f3bitos<\/li>\n<li>SE: : 131 casos; 0 \u00f3bitos<\/li>\n<li>SP:7.726 casos; 129 \u00f3bitos<\/li>\n<li>TO: 247 casos; 3 \u00f3bitos<\/li>\n<\/ul>\n<p>O Painel n\u00e3o foi atualizado com os dados de Rond\u00f4nia. Al\u00e9m disso, os dados por UF s\u00e3o distintos das secretarias estaduais. O MS foi contatado para explicar a diferen\u00e7a e os n\u00fameros negativos,\u00a0mas at\u00e9 o fechamento da reportagem o <strong>Brasil 61<\/strong> n\u00e3o obteve resposta.<\/p>\n<p>At\u00e9 a SE 6 de 2025, segundo dados do Painel de Covid-19 do MS, a regi\u00e3o Nordeste liderou em n\u00famero de casos de Covid-19 em munic\u00edpios do interior, com 23.261 registros. Sudeste aparece logo em seguida, com 19.836 pessoas infectadas. Em contrapartida, o Sudeste lidera com 236 mortes por Covid-19.<\/p>\n<p>O \u00faltimo Boletim InfoGripe, referente \u00e0 <a href=\"https:\/\/gitlab.fiocruz.br\/marcelo.gomes\/infogripe\/-\/blob\/master\/Boletins%20do%20InfoGripe\/Resumo_InfoGripe_atual.pdf\" target=\"_blank\">SE 7<\/a> \u2013 de\u00a09\/02 a 15\/02 \u2013 aponta que a Covid-19 continua sendo a principal causa de \u00f3bitos por S\u00edndrome Respirat\u00f3ria Aguda Grave (SRAG) entre os idosos, nas \u00faltimas semanas.<\/p>\n<h2>A situa\u00e7\u00e3o pode piorar no Carnaval?<\/h2>\n<p>O Carnaval \u00e9 nos dias 3, 4 e 5 de mar\u00e7o, per\u00edodo marcado por grandes aglomera\u00e7\u00f5es. Segundo o infectologista, isso aumenta significativamente o risco de transmiss\u00e3o de doen\u00e7as respirat\u00f3rias, incluindo a Covid-19.\u00a0<\/p>\n<p>\u201cO grande n\u00famero de pessoas reunidas, a proximidade entre os indiv\u00edduos de conviv\u00eancia nos espa\u00e7os fechados ou mal ventilados s\u00e3o fatores que contribuem para a propaga\u00e7\u00e3o do v\u00edrus\u201d, aponta Palacios.<\/p>\n<p>Ele alerta que a popula\u00e7\u00e3o deve evitar aglomera\u00e7\u00f5es, especialmente em ambientes fechados, al\u00e9m de optar pela m\u00e1scara em locais de maior risco de infec\u00e7\u00e3o, como o transporte p\u00fablico, festas e shows. Al\u00e9m disso, estar com a vacina\u00e7\u00e3o de Covid-19 em dia tamb\u00e9m ajuda na prote\u00e7\u00e3o contra a doen\u00e7a.<\/p>\n<p>\u201cA recomenda\u00e7\u00e3o \u00e9 para que as pessoas se vacinem, caso ainda n\u00e3o tenham tomado a dose de refor\u00e7o, pois a vacina\u00e7\u00e3o ser\u00e1 a nossa principal prote\u00e7\u00e3o contra formas graves da doen\u00e7a. Durante o Carnaval, \u00e9 fundamental monitorar os sintomas e, caso se sinta mal, buscar atendimento m\u00e9dico e evitar sair de casa para n\u00e3o propagar o v\u00edrus\u201d, enfatiza o especialista.\u00a0<\/p>\n<p>Palacios alerta que se as medidas preventivas n\u00e3o forem seguidas de forma rigorosa, pode haver uma intensifica\u00e7\u00e3o do aumento de casos, o que pode pressionar as unidades de sa\u00fade p\u00fablica. \u201cPortanto, \u00e9 crucial que a popula\u00e7\u00e3o tenha consci\u00eancia da import\u00e2ncia de continuar adotando medidas preventivas, mesmo durante grandes eventos como o Carnaval\u201d, pontua.<\/p>\n<p>\t\t\t\t\t\t\t\t\t<img loading=\"lazy\" decoding=\"async\" src=\"https:\/\/brasil61.com\/api\/v1\/serve_pixel\/17677\/80388\" alt=\"Pixel Brasil 61\" class=\"b61_pixel\" width=\"0\" height=\"0\"><\/p>\n<input type=\"hidden\" id=\"baseurl\" value=\"https:\/\/noticiasdestaque.com.br\"><input type=\"hidden\" id=\"audio_nonce\" value=\"6a24ca502e\">","protected":false},"excerpt":{"rendered":"<p>At\u00e9 o dia 8 de fevereiro, foram feitos 68.638 registros no interior do pa\u00eds, que somam 271 mortes. Algumas cidades declaram retorno da m\u00e1scara. Aragua\u00edna (TO) cancelou o Carnaval<\/p>\n","protected":false},"author":1,"featured_media":41829,"comment_status":"open","ping_status":"open","sticky":false,"template":"","format":"standard","meta":{"fifu_image_url":"","fifu_image_alt":"","footnotes":""},"categories":[51],"tags":[],"class_list":["post-41828","post","type-post","status-publish","format-standard","has-post-thumbnail","hentry","category-saude"],"distributor_meta":false,"distributor_terms":false,"distributor_media":false,"distributor_original_site_name":"Noticias em Destaque","distributor_original_site_url":"https:\/\/noticiasdestaque.com.br","push-errors":false,"_links":{"self":[{"href":"https:\/\/noticiasdestaque.com.br\/index.php\/wp-json\/wp\/v2\/posts\/41828","targetHints":{"allow":["GET"]}}],"collection":[{"href":"https:\/\/noticiasdestaque.com.br\/index.php\/wp-json\/wp\/v2\/posts"}],"about":[{"href":"https:\/\/noticiasdestaque.com.br\/index.php\/wp-json\/wp\/v2\/types\/post"}],"author":[{"embeddable":true,"href":"https:\/\/noticiasdestaque.com.br\/index.php\/wp-json\/wp\/v2\/users\/1"}],"replies":[{"embeddable":true,"href":"https:\/\/noticiasdestaque.com.br\/index.php\/wp-json\/wp\/v2\/comments?post=41828"}],"version-history":[{"count":0,"href":"https:\/\/noticiasdestaque.com.br\/index.php\/wp-json\/wp\/v2\/posts\/41828\/revisions"}],"wp:featuredmedia":[{"embeddable":true,"href":"https:\/\/noticiasdestaque.com.br\/index.php\/wp-json\/wp\/v2\/media\/41829"}],"wp:attachment":[{"href":"https:\/\/noticiasdestaque.com.br\/index.php\/wp-json\/wp\/v2\/media?parent=41828"}],"wp:term":[{"taxonomy":"category","embeddable":true,"href":"https:\/\/noticiasdestaque.com.br\/index.php\/wp-json\/wp\/v2\/categories?post=41828"},{"taxonomy":"post_tag","embeddable":true,"href":"https:\/\/noticiasdestaque.com.br\/index.php\/wp-json\/wp\/v2\/tags?post=41828"}],"curies":[{"name":"wp","href":"https:\/\/api.w.org\/{rel}","templated":true}]}}