{"id":41824,"date":"2025-02-18T00:02:00","date_gmt":"2025-02-18T03:02:00","guid":{"rendered":"https:\/\/noticiasdestaque.com.br\/index.php\/2025\/02\/18\/dengue-ms-recomenda-remanejar-doses-da-vacina-a-municipios-nao-contemplados-ou-ampliar-faixas-etarias\/"},"modified":"2025-02-18T00:02:00","modified_gmt":"2025-02-18T03:02:00","slug":"dengue-ms-recomenda-remanejar-doses-da-vacina-a-municipios-nao-contemplados-ou-ampliar-faixas-etarias","status":"publish","type":"post","link":"https:\/\/noticiasdestaque.com.br\/index.php\/2025\/02\/18\/dengue-ms-recomenda-remanejar-doses-da-vacina-a-municipios-nao-contemplados-ou-ampliar-faixas-etarias\/","title":{"rendered":"Dengue: MS recomenda remanejar doses da vacina a munic\u00edpios n\u00e3o contemplados ou ampliar faixas et\u00e1rias"},"content":{"rendered":"<p>\t\t\t\t\t\t\t\t\t\t<audio controls class=\"b61_audio_player\" data-noticia=\"80320\" src=\"https:\/\/brasil61.com\/rails\/active_storage\/blobs\/eyJfcmFpbHMiOnsibWVzc2FnZSI6IkJBaHBBeXcxQXc9PSIsImV4cCI6bnVsbCwicHVyIjoiYmxvYl9pZCJ9fQ==--6c657f3644f8121c7c666a14f155941dead7be11\/BRAS2513523A\"><\/audio><\/p>\n<p>O Minist\u00e9rio da \u00a0Sa\u00fade (MS) publicou uma <a href=\"https:\/\/www.gov.br\/saude\/pt-br\/centrais-de-conteudo\/publicacoes\/notas-tecnicas\/2025\/nota-tecnica-no-24-2025-cgici-dpni-svsa-ms.pdf\" target=\"_blank\">nota t\u00e9cnica<\/a> na \u00faltima sexta-feira (14) com orienta\u00e7\u00f5es do Departamento do Programa Nacional de Imuniza\u00e7\u00f5es (DPNI\/SVSA\/MS) sobre medidas que dever\u00e3o ser adotadas para otimizar o uso das doses de vacina contra a dengue em todo o pa\u00eds. A recomenda\u00e7\u00e3o \u00e9 remanejar doses da vacina a munic\u00edpios ainda n\u00e3o contemplados com doses ou amplia\u00e7\u00e3o a faixas et\u00e1rias que ainda n\u00e3o foram selecionadas \u2013 seguindo crit\u00e9rios de validade dos imunizantes.\u00a0<\/p>\n<p><strong>Confira a recomenda\u00e7\u00e3o do MS:<\/strong><\/p>\n<p>Vacinas com validade em at\u00e9 dois meses: remanejar as doses para munic\u00edpios ainda n\u00e3o contemplados pela vacina\u00e7\u00e3o contra a dengue ou ampliar a faixa et\u00e1ria para a vacina\u00e7\u00e3o, contemplando pessoas de 6 a 16 anos de idade.<\/p>\n<p>Vacinas com validade em at\u00e9 um m\u00eas: a estrat\u00e9gia de imuniza\u00e7\u00e3o poder\u00e1 ser expandida at\u00e9 o limite de idade especificado na bula da vacina, abrangendo a faixa de 4 a 59 anos, 11 meses e 29 dias de idade, conforme a disponibilidade de doses no munic\u00edpio.\u00a0<\/p>\n<p>O MS informou ao <strong>Brasil 61<\/strong>, em nota, que o remanejamento de doses do imunizante \u00e9 de responsabilidade dos estados.<\/p>\n<p>\u201cA decis\u00e3o sobre o remanejamento das vacinas contra a dengue \u2013 com curto prazo de validade \u2013 dos munic\u00edpios j\u00e1 contemplados para aqueles ainda n\u00e3o contemplados pelo imunizante \u00e9 de responsabilidade dos estados\u201d, destaca um trecho da nota.<\/p>\n<h2>Crit\u00e9rios de expans\u00e3o da faixa et\u00e1ria\u00a0<\/h2>\n<p>O documento aponta que a expans\u00e3o do p\u00fablico-alvo deve considerar a disponibilidade de doses e a situa\u00e7\u00e3o epidemiol\u00f3gica de cada estado e munic\u00edpio. Al\u00e9m disso, o MS deve ser informado pelas unidades federativas sobre a implementa\u00e7\u00e3o da estrat\u00e9gia.\u00a0<\/p>\n<p>Todas as doses administradas devem ser registradas na Rede Nacional de Dados em Sa\u00fade (RNDS) para garantir a segunda dose e o monitoramento completo do processo de imuniza\u00e7\u00e3o dos brasileiros, conforme a recomenda\u00e7\u00e3o do MS.<\/p>\n<p>A nota t\u00e9cnica menciona que a recomenda\u00e7\u00e3o \u00e9 uma estrat\u00e9gia tempor\u00e1ria para vacina\u00e7\u00e3o contra a dengue das doses remanescentes com validade at\u00e9 os pr\u00f3ximos dois meses.<\/p>\n<p>Em nota ao <strong>Brasil 61<\/strong>, a pasta da Sa\u00fade ressaltou o car\u00e1ter tempor\u00e1rio da medida e o intuito de evitar desperd\u00edcio de doses e garantir a prote\u00e7\u00e3o da popula\u00e7\u00e3o.\u00a0<\/p>\n<p>\u201cA recente recomenda\u00e7\u00e3o do Minist\u00e9rio da Sa\u00fade aos estados e munic\u00edpios [&#8230;] \u00e9 tempor\u00e1ria e tem como objetivo otimizar o uso das vacinas dispon\u00edveis, evitando desperd\u00edcios\u201d, diz um trecho da nota.<\/p>\n<p>\u201cA medida busca ampliar o acesso \u00e0 vacina\u00e7\u00e3o dentro dos prazos adequados, garantindo a efic\u00e1cia e a seguran\u00e7a dos imunizantes\u201d, completa a Pasta, em nota.<\/p>\n<h2>Dados de imuniza\u00e7\u00e3o no pa\u00eds\u00a0<\/h2>\n<p>O MS informou ao <strong>Brasil 61<\/strong> que desde o in\u00edcio da estrat\u00e9gia de vacina\u00e7\u00e3o contra a dengue at\u00e9 o \u00faltimo dia 10, a Pasta distribuiu mais de 6,5 milh\u00f5es de doses da vacina. Dessas, mais de 3,3 milh\u00f5es foram aplicadas, o que corresponde a 50,82% do total.<\/p>\n<p>\u201cAt\u00e9 o momento, mais de 2,3 milh\u00f5es de crian\u00e7as e adolescentes receberam a primeira dose da vacina, e 955.106 j\u00e1 completaram o esquema vacinal com a segunda dose\u201d, afirma o Minist\u00e9rio.<\/p>\n<h2>Situa\u00e7\u00e3o epidemiol\u00f3gica de dengue no Brasil\u00a0<\/h2>\n<p>Dados do <a href=\"https:\/\/www.gov.br\/saude\/pt-br\/assuntos\/saude-de-a-a-z\/a\/aedes-aegypti\/monitoramento-das-arboviroses\" target=\"_blank\">Painel de Monitoramento das Arboviroses do MS<\/a> atualizados dia 17\/02, com informa\u00e7\u00f5es at\u00e9 15\/02, apontam que este ano o Brasil j\u00e1 registrou 324.798 casos prov\u00e1veis de dengue. Houve 126 \u00f3bitos pela doen\u00e7a e h\u00e1 309 mortes sendo investigadas.\u00a0<\/p>\n<p>S\u00e3o Paulo lidera em n\u00famero de casos graves da doen\u00e7a, com 2.035 e 99 \u00f3bitos. At\u00e9 agora, o estado registrou 190.530 casos prov\u00e1veis de dengue. Al\u00e9m disso, possui o segundo maior coeficiente de incid\u00eancia da dengue por 100 mil habitantes, de 414,4.<\/p>\n<p>Acre possui o maior coeficiente de incid\u00eancia da doen\u00e7a no pa\u00eds, sendo 595,3. Por\u00e9m, o estado possui 5.242 casos prov\u00e1veis e dois \u00f3bitos.\u00a0<\/p>\n<p>Minas Gerais ocupa a segunda posi\u00e7\u00e3o em rela\u00e7\u00e3o ao n\u00famero de casos prov\u00e1veis em 2025, com 35.734 registros. Com coeficiente de 167,6, o estado mineiro registrou quatro mortes por dengue at\u00e9 agora.\u00a0<\/p>\n<p>J\u00e1 Goi\u00e1s \u00e9 a terceira unidade da federa\u00e7\u00e3o com mais casos prov\u00e1veis de dengue este ano, totalizando 17.492. O coeficiente de incid\u00eancia est\u00e1 em 238 a cada 100\u00a0mil habitantes, sendo o quarto maior do pa\u00eds. O territ\u00f3rio goiano tamb\u00e9m ocupa o segundo lugar em casos graves de dengue, com 502 registros. Al\u00e9m disso, tamb\u00e9m atr\u00e1s de S\u00e3o Paulo com rela\u00e7\u00e3o \u00e0s mortes por dengue, com cinco \u00f3bitos confirmados e 27 em investiga\u00e7\u00e3o.<br \/>\n\u00a0<\/p>\n<p>\t\t\t\t\t\t\t\t\t<img loading=\"lazy\" decoding=\"async\" src=\"https:\/\/brasil61.com\/api\/v1\/serve_pixel\/17677\/80320\" alt=\"Pixel Brasil 61\" class=\"b61_pixel\" width=\"0\" height=\"0\"><\/p>\n<input type=\"hidden\" id=\"baseurl\" value=\"https:\/\/noticiasdestaque.com.br\"><input type=\"hidden\" id=\"audio_nonce\" value=\"eb7638fb71\">","protected":false},"excerpt":{"rendered":"<p>O objetivo \u00e9 garantir o uso de todos os imunizantes, evitando desperd\u00edcios de doses, e aumentar a prote\u00e7\u00e3o das pessoas contra a doen\u00e7a<\/p>\n","protected":false},"author":1,"featured_media":41825,"comment_status":"open","ping_status":"open","sticky":false,"template":"","format":"standard","meta":{"fifu_image_url":"","fifu_image_alt":"","footnotes":""},"categories":[51],"tags":[],"class_list":["post-41824","post","type-post","status-publish","format-standard","has-post-thumbnail","hentry","category-saude"],"distributor_meta":false,"distributor_terms":false,"distributor_media":false,"distributor_original_site_name":"Noticias em Destaque","distributor_original_site_url":"https:\/\/noticiasdestaque.com.br","push-errors":false,"_links":{"self":[{"href":"https:\/\/noticiasdestaque.com.br\/index.php\/wp-json\/wp\/v2\/posts\/41824","targetHints":{"allow":["GET"]}}],"collection":[{"href":"https:\/\/noticiasdestaque.com.br\/index.php\/wp-json\/wp\/v2\/posts"}],"about":[{"href":"https:\/\/noticiasdestaque.com.br\/index.php\/wp-json\/wp\/v2\/types\/post"}],"author":[{"embeddable":true,"href":"https:\/\/noticiasdestaque.com.br\/index.php\/wp-json\/wp\/v2\/users\/1"}],"replies":[{"embeddable":true,"href":"https:\/\/noticiasdestaque.com.br\/index.php\/wp-json\/wp\/v2\/comments?post=41824"}],"version-history":[{"count":0,"href":"https:\/\/noticiasdestaque.com.br\/index.php\/wp-json\/wp\/v2\/posts\/41824\/revisions"}],"wp:featuredmedia":[{"embeddable":true,"href":"https:\/\/noticiasdestaque.com.br\/index.php\/wp-json\/wp\/v2\/media\/41825"}],"wp:attachment":[{"href":"https:\/\/noticiasdestaque.com.br\/index.php\/wp-json\/wp\/v2\/media?parent=41824"}],"wp:term":[{"taxonomy":"category","embeddable":true,"href":"https:\/\/noticiasdestaque.com.br\/index.php\/wp-json\/wp\/v2\/categories?post=41824"},{"taxonomy":"post_tag","embeddable":true,"href":"https:\/\/noticiasdestaque.com.br\/index.php\/wp-json\/wp\/v2\/tags?post=41824"}],"curies":[{"name":"wp","href":"https:\/\/api.w.org\/{rel}","templated":true}]}}