{"id":41818,"date":"2025-02-15T00:01:00","date_gmt":"2025-02-15T03:01:00","guid":{"rendered":"https:\/\/noticiasdestaque.com.br\/index.php\/2025\/02\/15\/sindrome-respiratoria-casos-graves-aumentam-com-volta-as-aulas\/"},"modified":"2025-02-15T00:01:00","modified_gmt":"2025-02-15T03:01:00","slug":"sindrome-respiratoria-casos-graves-aumentam-com-volta-as-aulas","status":"publish","type":"post","link":"https:\/\/noticiasdestaque.com.br\/index.php\/2025\/02\/15\/sindrome-respiratoria-casos-graves-aumentam-com-volta-as-aulas\/","title":{"rendered":"S\u00edndrome respirat\u00f3ria: casos graves aumentam com volta \u00e0s aulas"},"content":{"rendered":"<p>\t\t\t\t\t\t\t\t\t\t<audio controls class=\"b61_audio_player\" data-noticia=\"80267\" src=\"https:\/\/brasil61.com\/rails\/active_storage\/blobs\/eyJfcmFpbHMiOnsibWVzc2FnZSI6IkJBaHBBNlEwQXc9PSIsImV4cCI6bnVsbCwicHVyIjoiYmxvYl9pZCJ9fQ==--1837769693e04dee92e96b09068663d424d0c8f8\/BRAS2513507A\"><\/audio><\/p>\n<p>\u00a0A volta \u00e0s aulas, no come\u00e7o do m\u00eas de fevereiro, coincidiu com um aumento dos casos de S\u00edndrome Respirat\u00f3ria Aguda Grave (SRAG), registrados entre os dias 2 e 8 de fevereiro, segundo Boletim InfoGripe, da Fiocruz. O aumento tem a ver com a maior circula\u00e7\u00e3o do v\u00edrus entre os jovens, sobretudo na faixa dos 5 aos 14 anos, e \u00e9 causado pelo retorno \u00e0s salas de aula. Os jovens ficam reunidos por mais tempo em ambiente fechado, o que favorece a transmiss\u00e3o dos v\u00edrus respirat\u00f3rios.\u00a0<\/p>\n<p>O maior aumento dos casos de SRAG foi registrado no estado de Goi\u00e1s e no Distrito Federal. O aumento de casos nesses locais vai na contram\u00e3o do restante do pa\u00eds que, segundo o InfoGripe, continuam em baixa nos estados do Sul, Sudeste e Nordeste.\u00a0<\/p>\n<p>A Covid-19 continua sendo o v\u00edrus que mais causa agravos respirat\u00f3rios, afetando principalmente a popula\u00e7\u00e3o idosa, os grupos com comorbidades e crian\u00e7as pequenas. Para evitar os casos de SRAG, a pesquisadora do Programa de Computa\u00e7\u00e3o Cient\u00edfica da Fiocruz e do Boletim InfoGripe, Tatiana Portella, relembra a import\u00e2ncia da vacina\u00e7\u00e3o.<\/p>\n<p>\u201cA gente pede que essas pessoas estejam em dia com a vacina\u00e7\u00e3o contra o v\u00edrus para evitar desenvolver as formas mais graves da doen\u00e7a. Al\u00e9m disso, \u00e9 importante que essa popula\u00e7\u00e3o, principalmente as pessoas que residem em estados com aumento de casos de SRAG por Covid-19, use m\u00e1scaras em locais fechados e tamb\u00e9m dentro dos postos de sa\u00fade\u201d.<\/p>\n<h2>Mortes ainda s\u00e3o causadas por Covid-19<\/h2>\n<p>Os v\u00edrus respirat\u00f3rios podem ser fatais, por isso cuidados s\u00e3o importantes caso voc\u00ea tenha algum sintoma gripal, como coriza, tosse ou febre. A recomenda\u00e7\u00e3o \u00e9 ficar em casa em isolamento at\u00e9 que esteja recuperado, O cuidado vale para evitar transmitir o v\u00edrus, seja entre as crian\u00e7as na escola, ou a qualquer outra pessoa na rua. Caso n\u00e3o seja poss\u00edvel ficar em casa, o ideal \u00e9 sair usando uma m\u00e1scara refor\u00e7ada.\u00a0<\/p>\n<p>Entre as mortes causadas por v\u00edrus respirat\u00f3rios, a Covid-19 segue sendo a maior respons\u00e1vel e responde por 52,3% nas \u00faltimas quatro semanas epidemiol\u00f3gicas.<br \/>\n\u00a0<\/p>\n<p>\t\t\t\t\t\t\t\t\t<img loading=\"lazy\" decoding=\"async\" src=\"https:\/\/brasil61.com\/api\/v1\/serve_pixel\/17677\/80267\" alt=\"Pixel Brasil 61\" class=\"b61_pixel\" width=\"0\" height=\"0\"><\/p>\n<input type=\"hidden\" id=\"baseurl\" value=\"https:\/\/noticiasdestaque.com.br\"><input type=\"hidden\" id=\"audio_nonce\" value=\"6f73a554f1\">","protected":false},"excerpt":{"rendered":"<p>O crescimento foi registrado em crian\u00e7as e jovens entre 5 e 14 anos; Goi\u00e2nia e Distrito Federal se destacam com aumento dos casos graves <\/p>\n","protected":false},"author":1,"featured_media":41819,"comment_status":"open","ping_status":"open","sticky":false,"template":"","format":"standard","meta":{"fifu_image_url":"","fifu_image_alt":"","footnotes":""},"categories":[51],"tags":[],"class_list":["post-41818","post","type-post","status-publish","format-standard","has-post-thumbnail","hentry","category-saude"],"distributor_meta":false,"distributor_terms":false,"distributor_media":false,"distributor_original_site_name":"Noticias em Destaque","distributor_original_site_url":"https:\/\/noticiasdestaque.com.br","push-errors":false,"_links":{"self":[{"href":"https:\/\/noticiasdestaque.com.br\/index.php\/wp-json\/wp\/v2\/posts\/41818","targetHints":{"allow":["GET"]}}],"collection":[{"href":"https:\/\/noticiasdestaque.com.br\/index.php\/wp-json\/wp\/v2\/posts"}],"about":[{"href":"https:\/\/noticiasdestaque.com.br\/index.php\/wp-json\/wp\/v2\/types\/post"}],"author":[{"embeddable":true,"href":"https:\/\/noticiasdestaque.com.br\/index.php\/wp-json\/wp\/v2\/users\/1"}],"replies":[{"embeddable":true,"href":"https:\/\/noticiasdestaque.com.br\/index.php\/wp-json\/wp\/v2\/comments?post=41818"}],"version-history":[{"count":0,"href":"https:\/\/noticiasdestaque.com.br\/index.php\/wp-json\/wp\/v2\/posts\/41818\/revisions"}],"wp:featuredmedia":[{"embeddable":true,"href":"https:\/\/noticiasdestaque.com.br\/index.php\/wp-json\/wp\/v2\/media\/41819"}],"wp:attachment":[{"href":"https:\/\/noticiasdestaque.com.br\/index.php\/wp-json\/wp\/v2\/media?parent=41818"}],"wp:term":[{"taxonomy":"category","embeddable":true,"href":"https:\/\/noticiasdestaque.com.br\/index.php\/wp-json\/wp\/v2\/categories?post=41818"},{"taxonomy":"post_tag","embeddable":true,"href":"https:\/\/noticiasdestaque.com.br\/index.php\/wp-json\/wp\/v2\/tags?post=41818"}],"curies":[{"name":"wp","href":"https:\/\/api.w.org\/{rel}","templated":true}]}}