{"id":41800,"date":"2025-02-20T18:56:00","date_gmt":"2025-02-20T21:56:00","guid":{"rendered":"https:\/\/noticiasdestaque.com.br\/index.php\/2025\/02\/20\/ibovespa-fecha-em-alta-e-supera-os-127-mil-pontos\/"},"modified":"2025-02-20T18:56:00","modified_gmt":"2025-02-20T21:56:00","slug":"ibovespa-fecha-em-alta-e-supera-os-127-mil-pontos","status":"publish","type":"post","link":"https:\/\/noticiasdestaque.com.br\/index.php\/2025\/02\/20\/ibovespa-fecha-em-alta-e-supera-os-127-mil-pontos\/","title":{"rendered":"Ibovespa fecha em alta e supera os 127 mil pontos"},"content":{"rendered":"<p>\t\t\t\t\t\t\t\t\t\t<audio controls class=\"b61_audio_player\" data-noticia=\"80395\" src=\"https:\/\/brasil61.com\/rails\/active_storage\/blobs\/eyJfcmFpbHMiOnsibWVzc2FnZSI6IkJBaHBBM3MyQXc9PSIsImV4cCI6bnVsbCwicHVyIjoiYmxvYl9pZCJ9fQ==--b07ef9f9fe2e458822626214d5c9314c747729f5\/BRAS2513540A\"><\/audio><\/p>\n<p>O \u00edndice da bolsa de valores brasileira (Ibovespa) concluiu o \u00faltimo preg\u00e3o aos 127.600 pontos, com alta de 0,23%.<\/p>\n<p>Resultado foi puxado pelo\u00a0an\u00fancio do pagamento de dividendos extraordin\u00e1rios pela Vale, aliado \u00e0\u00a0alta\u00a0das a\u00e7\u00f5es da Petrobras.\u00a0<\/p>\n<p>As a\u00e7\u00f5es da Vale encerraram com eleva\u00e7\u00e3o de 3,68%. J\u00e1 as a\u00e7\u00f5es preferenciais\u00a0da Petrobras tiveram avan\u00e7o de 0,16%.<\/p>\n<p>Em contrapartida,\u00a0Banco do Brasil teve\u00a0queda de 2,98%.\u00a0Assa\u00ed\u00a0terminou com queda de 1,69%.\u00a0<\/p>\n<p>O volume financeiro\u00a0foi de R$ 19,4 bilh\u00f5es e de R$ 24,4 bilh\u00f5es na B3.\u00a0<\/p>\n<p>\u00a0<\/p>\n<p>\u00a0<\/p>\n<p>\t\t\t\t\t\t\t\t\t<img loading=\"lazy\" decoding=\"async\" src=\"https:\/\/brasil61.com\/api\/v1\/serve_pixel\/17677\/80395\" alt=\"Pixel Brasil 61\" class=\"b61_pixel\" width=\"0\" height=\"0\"><\/p>\n<input type=\"hidden\" id=\"baseurl\" value=\"https:\/\/noticiasdestaque.com.br\"><input type=\"hidden\" id=\"audio_nonce\" value=\"6a24ca502e\">","protected":false},"excerpt":{"rendered":"<p>Avan\u00e7o foi de 0,23%, com incentivo da Vale<\/p>\n","protected":false},"author":1,"featured_media":41801,"comment_status":"open","ping_status":"open","sticky":false,"template":"","format":"standard","meta":{"fifu_image_url":"","fifu_image_alt":"","footnotes":""},"categories":[59],"tags":[],"class_list":["post-41800","post","type-post","status-publish","format-standard","has-post-thumbnail","hentry","category-economia"],"distributor_meta":false,"distributor_terms":false,"distributor_media":false,"distributor_original_site_name":"Noticias em Destaque","distributor_original_site_url":"https:\/\/noticiasdestaque.com.br","push-errors":false,"_links":{"self":[{"href":"https:\/\/noticiasdestaque.com.br\/index.php\/wp-json\/wp\/v2\/posts\/41800","targetHints":{"allow":["GET"]}}],"collection":[{"href":"https:\/\/noticiasdestaque.com.br\/index.php\/wp-json\/wp\/v2\/posts"}],"about":[{"href":"https:\/\/noticiasdestaque.com.br\/index.php\/wp-json\/wp\/v2\/types\/post"}],"author":[{"embeddable":true,"href":"https:\/\/noticiasdestaque.com.br\/index.php\/wp-json\/wp\/v2\/users\/1"}],"replies":[{"embeddable":true,"href":"https:\/\/noticiasdestaque.com.br\/index.php\/wp-json\/wp\/v2\/comments?post=41800"}],"version-history":[{"count":0,"href":"https:\/\/noticiasdestaque.com.br\/index.php\/wp-json\/wp\/v2\/posts\/41800\/revisions"}],"wp:featuredmedia":[{"embeddable":true,"href":"https:\/\/noticiasdestaque.com.br\/index.php\/wp-json\/wp\/v2\/media\/41801"}],"wp:attachment":[{"href":"https:\/\/noticiasdestaque.com.br\/index.php\/wp-json\/wp\/v2\/media?parent=41800"}],"wp:term":[{"taxonomy":"category","embeddable":true,"href":"https:\/\/noticiasdestaque.com.br\/index.php\/wp-json\/wp\/v2\/categories?post=41800"},{"taxonomy":"post_tag","embeddable":true,"href":"https:\/\/noticiasdestaque.com.br\/index.php\/wp-json\/wp\/v2\/tags?post=41800"}],"curies":[{"name":"wp","href":"https:\/\/api.w.org\/{rel}","templated":true}]}}