{"id":41778,"date":"2025-02-20T03:00:00","date_gmt":"2025-02-20T06:00:00","guid":{"rendered":"https:\/\/noticiasdestaque.com.br\/index.php\/2025\/02\/20\/dolar-volta-a-fechar-em-alta-e-e-cotado-a-r-572\/"},"modified":"2025-02-20T03:00:00","modified_gmt":"2025-02-20T06:00:00","slug":"dolar-volta-a-fechar-em-alta-e-e-cotado-a-r-572","status":"publish","type":"post","link":"https:\/\/noticiasdestaque.com.br\/index.php\/2025\/02\/20\/dolar-volta-a-fechar-em-alta-e-e-cotado-a-r-572\/","title":{"rendered":"D\u00f3lar volta a fechar em alta e \u00e9 cotado a R$ 5,72"},"content":{"rendered":"<p>\t\t\t\t\t\t\t\t\t\t<audio controls class=\"b61_audio_player\" data-noticia=\"80355\" src=\"https:\/\/brasil61.com\/rails\/active_storage\/blobs\/eyJfcmFpbHMiOnsibWVzc2FnZSI6IkJBaHBBL1UxQXc9PSIsImV4cCI6bnVsbCwicHVyIjoiYmxvYl9pZCJ9fQ==--8b6be63dcbece06b4bd485fd238663049608d5f8\/BRAS2513530A\"><\/audio><\/p>\n<p>Nesta quinta-feira (20) o d\u00f3lar \u00e9 cotado a R$ 5,72, em alta de 0,65%, depois de come\u00e7ar a semana abaixo dos R$ 5,70. \u00a0<\/p>\n<p>No cen\u00e1rio dom\u00e9stico, a quarta-feira foi de marasmo, sem not\u00edcias impactantes do campo da Fazenda, o que fez com que a moeda americana seguisse a tend\u00eancia de fortalecimento no mercado externo e aumentasse sua cota\u00e7\u00e3o no Brasil. A movimenta\u00e7\u00e3o foi impactada, principalmente, pelo an\u00fancio do presidente americano Donald Trump de que pretende taxar os carros, al\u00e9m de semicondutores e produtos farmac\u00eauticos. Not\u00edcia que fortaleceu a moeda americana frente outras divisas.\u00a0<\/p>\n<p>\n\u00a0<\/p>\n<p>\t\t\t\t\t\t\t\t\t<img loading=\"lazy\" decoding=\"async\" src=\"https:\/\/brasil61.com\/api\/v1\/serve_pixel\/17677\/80355\" alt=\"Pixel Brasil 61\" class=\"b61_pixel\" width=\"0\" height=\"0\"><\/p>\n<input type=\"hidden\" id=\"baseurl\" value=\"https:\/\/noticiasdestaque.com.br\"><input type=\"hidden\" id=\"audio_nonce\" value=\"6a24ca502e\">","protected":false},"excerpt":{"rendered":"<p>Seguindo tend\u00eancia de alta no exterior, moeda americana tem alta de 0,65%<\/p>\n","protected":false},"author":1,"featured_media":41779,"comment_status":"open","ping_status":"open","sticky":false,"template":"","format":"standard","meta":{"fifu_image_url":"","fifu_image_alt":"","footnotes":""},"categories":[59],"tags":[],"class_list":["post-41778","post","type-post","status-publish","format-standard","has-post-thumbnail","hentry","category-economia"],"distributor_meta":false,"distributor_terms":false,"distributor_media":false,"distributor_original_site_name":"Noticias em Destaque","distributor_original_site_url":"https:\/\/noticiasdestaque.com.br","push-errors":false,"_links":{"self":[{"href":"https:\/\/noticiasdestaque.com.br\/index.php\/wp-json\/wp\/v2\/posts\/41778","targetHints":{"allow":["GET"]}}],"collection":[{"href":"https:\/\/noticiasdestaque.com.br\/index.php\/wp-json\/wp\/v2\/posts"}],"about":[{"href":"https:\/\/noticiasdestaque.com.br\/index.php\/wp-json\/wp\/v2\/types\/post"}],"author":[{"embeddable":true,"href":"https:\/\/noticiasdestaque.com.br\/index.php\/wp-json\/wp\/v2\/users\/1"}],"replies":[{"embeddable":true,"href":"https:\/\/noticiasdestaque.com.br\/index.php\/wp-json\/wp\/v2\/comments?post=41778"}],"version-history":[{"count":0,"href":"https:\/\/noticiasdestaque.com.br\/index.php\/wp-json\/wp\/v2\/posts\/41778\/revisions"}],"wp:featuredmedia":[{"embeddable":true,"href":"https:\/\/noticiasdestaque.com.br\/index.php\/wp-json\/wp\/v2\/media\/41779"}],"wp:attachment":[{"href":"https:\/\/noticiasdestaque.com.br\/index.php\/wp-json\/wp\/v2\/media?parent=41778"}],"wp:term":[{"taxonomy":"category","embeddable":true,"href":"https:\/\/noticiasdestaque.com.br\/index.php\/wp-json\/wp\/v2\/categories?post=41778"},{"taxonomy":"post_tag","embeddable":true,"href":"https:\/\/noticiasdestaque.com.br\/index.php\/wp-json\/wp\/v2\/tags?post=41778"}],"curies":[{"name":"wp","href":"https:\/\/api.w.org\/{rel}","templated":true}]}}