{"id":41772,"date":"2025-02-19T02:08:00","date_gmt":"2025-02-19T05:08:00","guid":{"rendered":"https:\/\/noticiasdestaque.com.br\/index.php\/2025\/02\/19\/dolar-encerra-ultima-sessao-em-queda-a-r-568\/"},"modified":"2025-02-19T02:08:00","modified_gmt":"2025-02-19T05:08:00","slug":"dolar-encerra-ultima-sessao-em-queda-a-r-568","status":"publish","type":"post","link":"https:\/\/noticiasdestaque.com.br\/index.php\/2025\/02\/19\/dolar-encerra-ultima-sessao-em-queda-a-r-568\/","title":{"rendered":"D\u00f3lar encerra \u00faltima sess\u00e3o em queda, a R$ 5,68"},"content":{"rendered":"<p>\t\t\t\t\t\t\t\t\t\t<audio controls class=\"b61_audio_player\" data-noticia=\"80345\" src=\"https:\/\/brasil61.com\/rails\/active_storage\/blobs\/eyJfcmFpbHMiOnsibWVzc2FnZSI6IkJBaHBBNUkxQXc9PSIsImV4cCI6bnVsbCwicHVyIjoiYmxvYl9pZCJ9fQ==--dec4313c6d82b3a5d79c8d0b02f0c229cf1cf8ca\/BRAS2513526A\"><\/audio><\/p>\n<p>O d\u00f3lar fechou a \u00faltima sess\u00e3o em queda de 0,41%, cotado a R$ 5,68.<\/p>\n<p>Para analistas do mercado financeiro, o resultado veio em um dia de agenda mais esvaziada, com o mercado mais sens\u00edvel a movimenta\u00e7\u00f5es.\u00a0<\/p>\n<p>Outro ponto que tamb\u00e9m ajudou no recuo da moeda americana foi a informa\u00e7\u00e3o de que o Tesouro Nacional fez uma nova emiss\u00e3o externa de t\u00edtulos.<\/p>\n<p>Al\u00e9m disso, o real passou por uma valoriza\u00e7\u00e3o em rela\u00e7\u00e3o ao d\u00f3lar a partir da for\u00e7a demonstrada pelas commodities.\u00a0<\/p>\n<p>O euro, por sua vez, fechou em torno de R$ 5,93.\u00a0<\/p>\n<p>Os dados s\u00e3o da Companhia Morningstar.\u00a0<\/p>\n<p>\u00a0<\/p>\n<p>\t\t\t\t\t\t\t\t\t<img loading=\"lazy\" decoding=\"async\" src=\"https:\/\/brasil61.com\/api\/v1\/serve_pixel\/17677\/80345\" alt=\"Pixel Brasil 61\" class=\"b61_pixel\" width=\"0\" height=\"0\"><\/p>\n<input type=\"hidden\" id=\"baseurl\" value=\"https:\/\/noticiasdestaque.com.br\"><input type=\"hidden\" id=\"audio_nonce\" value=\"581f3017e1\">","protected":false},"excerpt":{"rendered":"<p>O real passou por uma valoriza\u00e7\u00e3o em rela\u00e7\u00e3o ao d\u00f3lar a partir da for\u00e7a demonstrada pelas commodities<\/p>\n","protected":false},"author":1,"featured_media":41773,"comment_status":"open","ping_status":"open","sticky":false,"template":"","format":"standard","meta":{"fifu_image_url":"","fifu_image_alt":"","footnotes":""},"categories":[59],"tags":[],"class_list":["post-41772","post","type-post","status-publish","format-standard","has-post-thumbnail","hentry","category-economia"],"distributor_meta":false,"distributor_terms":false,"distributor_media":false,"distributor_original_site_name":"Noticias em Destaque","distributor_original_site_url":"https:\/\/noticiasdestaque.com.br","push-errors":false,"_links":{"self":[{"href":"https:\/\/noticiasdestaque.com.br\/index.php\/wp-json\/wp\/v2\/posts\/41772","targetHints":{"allow":["GET"]}}],"collection":[{"href":"https:\/\/noticiasdestaque.com.br\/index.php\/wp-json\/wp\/v2\/posts"}],"about":[{"href":"https:\/\/noticiasdestaque.com.br\/index.php\/wp-json\/wp\/v2\/types\/post"}],"author":[{"embeddable":true,"href":"https:\/\/noticiasdestaque.com.br\/index.php\/wp-json\/wp\/v2\/users\/1"}],"replies":[{"embeddable":true,"href":"https:\/\/noticiasdestaque.com.br\/index.php\/wp-json\/wp\/v2\/comments?post=41772"}],"version-history":[{"count":0,"href":"https:\/\/noticiasdestaque.com.br\/index.php\/wp-json\/wp\/v2\/posts\/41772\/revisions"}],"wp:featuredmedia":[{"embeddable":true,"href":"https:\/\/noticiasdestaque.com.br\/index.php\/wp-json\/wp\/v2\/media\/41773"}],"wp:attachment":[{"href":"https:\/\/noticiasdestaque.com.br\/index.php\/wp-json\/wp\/v2\/media?parent=41772"}],"wp:term":[{"taxonomy":"category","embeddable":true,"href":"https:\/\/noticiasdestaque.com.br\/index.php\/wp-json\/wp\/v2\/categories?post=41772"},{"taxonomy":"post_tag","embeddable":true,"href":"https:\/\/noticiasdestaque.com.br\/index.php\/wp-json\/wp\/v2\/tags?post=41772"}],"curies":[{"name":"wp","href":"https:\/\/api.w.org\/{rel}","templated":true}]}}