{"id":41762,"date":"2025-02-20T06:01:28","date_gmt":"2025-02-20T09:01:28","guid":{"rendered":"https:\/\/noticiasdestaque.com.br\/?p=41762"},"modified":"2025-02-20T06:01:36","modified_gmt":"2025-02-20T09:01:36","slug":"gutierrez-medeiros-se-apresenta-no-sesi-fiesp-em-sao-paulo-no-dia-9-de-marco-2025","status":"publish","type":"post","link":"https:\/\/noticiasdestaque.com.br\/index.php\/2025\/02\/20\/gutierrez-medeiros-se-apresenta-no-sesi-fiesp-em-sao-paulo-no-dia-9-de-marco-2025\/","title":{"rendered":"Gutierrez Medeiros se apresenta no SESI FIESP em S\u00e3o Paulo no dia 9 de mar\u00e7o 2025"},"content":{"rendered":"\n<p>O cantor e compositor Gutierrez Medeiros promete encantar o p\u00fablico paulistano no pr\u00f3ximo dia 9 de mar\u00e7o com um show especial no espa\u00e7o Esplanada do SESI FIESP, em S\u00e3o Paulo. <\/p>\n\n\n\n<p>Com um repert\u00f3rio envolvente que mescla grandes sucessos da M\u00fasica Popular Brasileira, cl\u00e1ssicos internacionais e seu repert\u00f3rio autoral onde o artista conta com mais de sessenta can\u00e7\u00f5es gravadas, Gutierrez traz toda a sua experi\u00eancia e paix\u00e3o pela m\u00fasica para o cora\u00e7\u00e3o da cidade.<\/p>\n\n\n\n<p>Dono de uma voz marcante e de uma trajet\u00f3ria musical crescente, Gutierrez Medeiros j\u00e1 se apresentou em diversas cidades do Brasil e do exterior, incluindo performances memor\u00e1veis em Washington DC Capital dos Estados Unidos. Seu talento e versatilidade garantem um espet\u00e1culo emocionante, repleto de interpreta\u00e7\u00f5es aut\u00eanticas e cativantes.<\/p>\n\n\n\n<p>O show no SESI FIESP promete ser uma experi\u00eancia \u00fanica para os amantes da boa m\u00fasica, proporcionando momentos inesquec\u00edveis ao p\u00fablico presente. A apresenta\u00e7\u00e3o \u00e9 gratuita e faz parte da programa\u00e7\u00e3o cultural do espa\u00e7o, que busca oferecer eventos de qualidade e acess\u00edveis \u00e0 popula\u00e7\u00e3o.<\/p>\n\n\n\n<p>N\u00e3o perca essa oportunidade de prestigiar e conhecer o trabalho de Gutierrez Medeiros e se envolver em uma noite de pura emo\u00e7\u00e3o e musicalidade!<br>Ou\u00e7a a discografia completa nas principais plataformas de streaming como Spotify, Deezer e Apple Music.<\/p>\n\n\n\n<p><strong>Link do Instagram<\/strong><br><a href=\"http:\/\/bit.ly\/Instagramgutierrezmedeiros\">bit.ly\/Instagramgutierrezmedeiros<\/a><\/p>\n\n\n\n<p><strong>Site Oficial<\/strong> <br><a href=\"http:\/\/www.gutierrezmedeiros.com\">www.gutierrezmedeiros.com<\/a><\/p>\n\n\n\n<p>\ud83d\udccd Local: SESI FIESP &#8211; Espa\u00e7o Esplanada<br \/>\ud83d\udcc5 Data: 9 de mar\u00e7o<br \/>\u23f0 Hor\u00e1rio: Confira no Site oficial do SESI FIESP<br \/>\ud83c\udf9f Entrada gratuita<\/p>\n<input type=\"hidden\" id=\"baseurl\" value=\"https:\/\/noticiasdestaque.com.br\"><input type=\"hidden\" id=\"audio_nonce\" value=\"581f3017e1\">","protected":false},"excerpt":{"rendered":"<p>O cantor e compositor Gutierrez Medeiros promete encantar o p\u00fablico paulistano no pr\u00f3ximo dia 9 de mar\u00e7o com um show especial no espa\u00e7o Esplanada do SESI FIESP, em S\u00e3o Paulo. Com um repert\u00f3rio envolvente que mescla grandes sucessos da M\u00fasica Popular Brasileira, cl\u00e1ssicos internacionais e seu repert\u00f3rio autoral onde o artista conta com mais de [&hellip;]<\/p>\n","protected":false},"author":1,"featured_media":41761,"comment_status":"open","ping_status":"open","sticky":false,"template":"","format":"standard","meta":{"fifu_image_url":"","fifu_image_alt":"","footnotes":""},"categories":[62],"tags":[178],"class_list":["post-41762","post","type-post","status-publish","format-standard","has-post-thumbnail","hentry","category-musica","tag-gutierrez-medeiros"],"distributor_meta":false,"distributor_terms":false,"distributor_media":false,"distributor_original_site_name":"Noticias em Destaque","distributor_original_site_url":"https:\/\/noticiasdestaque.com.br","push-errors":false,"_links":{"self":[{"href":"https:\/\/noticiasdestaque.com.br\/index.php\/wp-json\/wp\/v2\/posts\/41762","targetHints":{"allow":["GET"]}}],"collection":[{"href":"https:\/\/noticiasdestaque.com.br\/index.php\/wp-json\/wp\/v2\/posts"}],"about":[{"href":"https:\/\/noticiasdestaque.com.br\/index.php\/wp-json\/wp\/v2\/types\/post"}],"author":[{"embeddable":true,"href":"https:\/\/noticiasdestaque.com.br\/index.php\/wp-json\/wp\/v2\/users\/1"}],"replies":[{"embeddable":true,"href":"https:\/\/noticiasdestaque.com.br\/index.php\/wp-json\/wp\/v2\/comments?post=41762"}],"version-history":[{"count":1,"href":"https:\/\/noticiasdestaque.com.br\/index.php\/wp-json\/wp\/v2\/posts\/41762\/revisions"}],"predecessor-version":[{"id":41763,"href":"https:\/\/noticiasdestaque.com.br\/index.php\/wp-json\/wp\/v2\/posts\/41762\/revisions\/41763"}],"wp:featuredmedia":[{"embeddable":true,"href":"https:\/\/noticiasdestaque.com.br\/index.php\/wp-json\/wp\/v2\/media\/41761"}],"wp:attachment":[{"href":"https:\/\/noticiasdestaque.com.br\/index.php\/wp-json\/wp\/v2\/media?parent=41762"}],"wp:term":[{"taxonomy":"category","embeddable":true,"href":"https:\/\/noticiasdestaque.com.br\/index.php\/wp-json\/wp\/v2\/categories?post=41762"},{"taxonomy":"post_tag","embeddable":true,"href":"https:\/\/noticiasdestaque.com.br\/index.php\/wp-json\/wp\/v2\/tags?post=41762"}],"curies":[{"name":"wp","href":"https:\/\/api.w.org\/{rel}","templated":true}]}}