{"id":41734,"date":"2025-02-17T02:35:00","date_gmt":"2025-02-17T05:35:00","guid":{"rendered":"https:\/\/noticiasdestaque.com.br\/index.php\/2025\/02\/17\/dolar-fecha-ultima-sessao-em-queda-cotado-a-r-569\/"},"modified":"2025-02-17T02:35:00","modified_gmt":"2025-02-17T05:35:00","slug":"dolar-fecha-ultima-sessao-em-queda-cotado-a-r-569","status":"publish","type":"post","link":"https:\/\/noticiasdestaque.com.br\/index.php\/2025\/02\/17\/dolar-fecha-ultima-sessao-em-queda-cotado-a-r-569\/","title":{"rendered":"D\u00f3lar fecha \u00faltima sess\u00e3o em queda, cotado a R$ 5,69"},"content":{"rendered":"<p>\t\t\t\t\t\t\t\t\t\t<audio controls class=\"b61_audio_player\" data-noticia=\"80285\" src=\"https:\/\/brasil61.com\/rails\/active_storage\/blobs\/eyJfcmFpbHMiOnsibWVzc2FnZSI6IkJBaHBBOHcwQXc9PSIsImV4cCI6bnVsbCwicHVyIjoiYmxvYl9pZCJ9fQ==--3c414c10fb2f2328dd92127894407ab50a41d7ea\/BRAS2513515A\"><\/audio><\/p>\n<p>O d\u00f3lar fechou a \u00faltima sess\u00e3o em queda de 1,26%, cotado a R$ 5,69. Trata-se do menor patamar desde 7 de novembro de 2024.<\/p>\n<p>No in\u00edcio da sess\u00e3o, a aten\u00e7\u00e3o dos investidores se voltou \u00e0 divulga\u00e7\u00e3o de dados do varejo nos Estados Unidos, que vieram abaixo do esperado.\u00a0<\/p>\n<p>Para analistas do mercado financeiro, esse cen\u00e1rio pode acarretar uma desacelera\u00e7\u00e3o na economia americana e dar margem para mais um corte de juros.<\/p>\n<p>Paralelo a isso, a queda de popularidade do presidente Lula tamb\u00e9m influenciou o resultado do preg\u00e3o.<\/p>\n<p>Os dados s\u00e3o da Companhia Morningstar.\u00a0<\/p>\n<p>\u00a0<\/p>\n<p>\t\t\t\t\t\t\t\t\t<img loading=\"lazy\" decoding=\"async\" src=\"https:\/\/brasil61.com\/api\/v1\/serve_pixel\/17677\/80285\" alt=\"Pixel Brasil 61\" class=\"b61_pixel\" width=\"0\" height=\"0\"><\/p>\n<input type=\"hidden\" id=\"baseurl\" value=\"https:\/\/noticiasdestaque.com.br\"><input type=\"hidden\" id=\"audio_nonce\" value=\"581f3017e1\">","protected":false},"excerpt":{"rendered":"<p>No in\u00edcio do preg\u00e3o, a aten\u00e7\u00e3o dos investidores se voltou \u00e0 divulga\u00e7\u00e3o de dados do varejo nos Estados Unidos, que vieram abaixo do esperado<\/p>\n","protected":false},"author":1,"featured_media":41735,"comment_status":"open","ping_status":"open","sticky":false,"template":"","format":"standard","meta":{"fifu_image_url":"","fifu_image_alt":"","footnotes":""},"categories":[59],"tags":[],"class_list":["post-41734","post","type-post","status-publish","format-standard","has-post-thumbnail","hentry","category-economia"],"distributor_meta":false,"distributor_terms":false,"distributor_media":false,"distributor_original_site_name":"Noticias em Destaque","distributor_original_site_url":"https:\/\/noticiasdestaque.com.br","push-errors":false,"_links":{"self":[{"href":"https:\/\/noticiasdestaque.com.br\/index.php\/wp-json\/wp\/v2\/posts\/41734","targetHints":{"allow":["GET"]}}],"collection":[{"href":"https:\/\/noticiasdestaque.com.br\/index.php\/wp-json\/wp\/v2\/posts"}],"about":[{"href":"https:\/\/noticiasdestaque.com.br\/index.php\/wp-json\/wp\/v2\/types\/post"}],"author":[{"embeddable":true,"href":"https:\/\/noticiasdestaque.com.br\/index.php\/wp-json\/wp\/v2\/users\/1"}],"replies":[{"embeddable":true,"href":"https:\/\/noticiasdestaque.com.br\/index.php\/wp-json\/wp\/v2\/comments?post=41734"}],"version-history":[{"count":0,"href":"https:\/\/noticiasdestaque.com.br\/index.php\/wp-json\/wp\/v2\/posts\/41734\/revisions"}],"wp:featuredmedia":[{"embeddable":true,"href":"https:\/\/noticiasdestaque.com.br\/index.php\/wp-json\/wp\/v2\/media\/41735"}],"wp:attachment":[{"href":"https:\/\/noticiasdestaque.com.br\/index.php\/wp-json\/wp\/v2\/media?parent=41734"}],"wp:term":[{"taxonomy":"category","embeddable":true,"href":"https:\/\/noticiasdestaque.com.br\/index.php\/wp-json\/wp\/v2\/categories?post=41734"},{"taxonomy":"post_tag","embeddable":true,"href":"https:\/\/noticiasdestaque.com.br\/index.php\/wp-json\/wp\/v2\/tags?post=41734"}],"curies":[{"name":"wp","href":"https:\/\/api.w.org\/{rel}","templated":true}]}}