{"id":41636,"date":"2025-02-05T18:09:00","date_gmt":"2025-02-05T21:09:00","guid":{"rendered":"https:\/\/noticiasdestaque.com.br\/index.php\/2025\/02\/05\/ministerio-das-comunicacoes-autoriza-22-radios-comunitarias-na-bahia-nos-ultimos-dois-anos\/"},"modified":"2025-02-05T18:09:00","modified_gmt":"2025-02-05T21:09:00","slug":"ministerio-das-comunicacoes-autoriza-22-radios-comunitarias-na-bahia-nos-ultimos-dois-anos","status":"publish","type":"post","link":"https:\/\/noticiasdestaque.com.br\/index.php\/2025\/02\/05\/ministerio-das-comunicacoes-autoriza-22-radios-comunitarias-na-bahia-nos-ultimos-dois-anos\/","title":{"rendered":"Minist\u00e9rio das Comunica\u00e7\u00f5es autoriza 22 r\u00e1dios comunit\u00e1rias na Bahia nos \u00faltimos dois anos"},"content":{"rendered":"<p>\t\t\t\t\t\t\t\t\t\t<audio controls class=\"b61_audio_player\" data-noticia=\"80075\" src=\"https:\/\/brasil61.com\/rails\/active_storage\/blobs\/eyJfcmFpbHMiOnsibWVzc2FnZSI6IkJBaHBBL0V4QXc9PSIsImV4cCI6bnVsbCwicHVyIjoiYmxvYl9pZCJ9fQ==--814b1c8113806f1e966145bf07278cc76bfeb00e\/MCOM250111A\"><\/audio><\/p>\n<p>O estado da Bahia obteve 22 autoriza\u00e7\u00f5es de funcionamento de r\u00e1dios comunit\u00e1rias nos \u00faltimos dois anos \u2013 o que representa um aumento de 175% no n\u00famero de concess\u00f5es feitas nos dois primeiros anos da gest\u00e3o anterior. Em 2019 e 2020, o Minist\u00e9rio das Comunica\u00e7\u00f5es emitiu apenas oito outorgas.<\/p>\n<p>Os dados nacionais tamb\u00e9m s\u00e3o extremamente positivos. Em todo o pa\u00eds, o Minist\u00e9rio das Comunica\u00e7\u00f5es autorizou o funcionamento de 206 r\u00e1dios comunit\u00e1rias nos \u00faltimos dois anos. O n\u00famero \u00e9 275% maior que as 55 emissoras autorizadas no mesmo per\u00edodo da gest\u00e3o anterior.<\/p>\n<p>O ministro das Comunica\u00e7\u00f5es, Juscelino Filho, refor\u00e7a a import\u00e2ncia das r\u00e1dios comunit\u00e1rias na pauta da atual gest\u00e3o do Governo Federal.<\/p>\n<p>&#8220;As r\u00e1dios comunit\u00e1rias est\u00e3o na pauta priorit\u00e1ria do governo do presidente Lula, da nossa gest\u00e3o. \u00c9 hist\u00f3rico o n\u00famero de outorgas que n\u00f3s j\u00e1 soltamos durante governo do presidente Lula, cumprindo o que o grupo de transi\u00e7\u00e3o e ele determinaram: que \u00e9 o fortalecimento das r\u00e1dios comunit\u00e1rias no Brasil. E n\u00e3o s\u00f3 das r\u00e1dios comunit\u00e1rias, da radiofus\u00e3o p\u00fablica. N\u00f3s j\u00e1 avan\u00e7amos muito nessa dire\u00e7\u00e3o.&#8221;<\/p>\n<p>O Minist\u00e9rio das Comunica\u00e7\u00f5es est\u00e1 com inscri\u00e7\u00f5es abertas para funda\u00e7\u00f5es e associa\u00e7\u00f5es interessadas em operar r\u00e1dios comunit\u00e1rias. H\u00e1 canais dispon\u00edveis em 795 munic\u00edpios de 21 estados brasileiros. As propostas podem ser enviadas at\u00e9 14 de mar\u00e7o deste ano.<\/p>\n<p>Mais informa\u00e7\u00f5es neste <a href=\"https:\/\/www.in.gov.br\/en\/web\/dou\/-\/edital-n-217\/2024\/mcom-601709491\">link<\/a>.<\/p>\n<p>\t\t\t\t\t\t\t\t\t<img loading=\"lazy\" decoding=\"async\" src=\"https:\/\/brasil61.com\/api\/v1\/serve_pixel\/17677\/80075\" alt=\"Pixel Brasil 61\" class=\"b61_pixel\" width=\"0\" height=\"0\"><\/p>\n<input type=\"hidden\" id=\"baseurl\" value=\"https:\/\/noticiasdestaque.com.br\"><input type=\"hidden\" id=\"audio_nonce\" value=\"c9f06e19e6\">","protected":false},"excerpt":{"rendered":"<p>N\u00famero \u00e9 175% maior que as outorgas concedidas em 2019 e 2020<\/p>\n","protected":false},"author":1,"featured_media":41637,"comment_status":"open","ping_status":"open","sticky":false,"template":"","format":"standard","meta":{"fifu_image_url":"","fifu_image_alt":"","footnotes":""},"categories":[48],"tags":[],"class_list":["post-41636","post","type-post","status-publish","format-standard","has-post-thumbnail","hentry","category-mundo"],"distributor_meta":false,"distributor_terms":false,"distributor_media":false,"distributor_original_site_name":"Noticias em Destaque","distributor_original_site_url":"https:\/\/noticiasdestaque.com.br","push-errors":false,"_links":{"self":[{"href":"https:\/\/noticiasdestaque.com.br\/index.php\/wp-json\/wp\/v2\/posts\/41636","targetHints":{"allow":["GET"]}}],"collection":[{"href":"https:\/\/noticiasdestaque.com.br\/index.php\/wp-json\/wp\/v2\/posts"}],"about":[{"href":"https:\/\/noticiasdestaque.com.br\/index.php\/wp-json\/wp\/v2\/types\/post"}],"author":[{"embeddable":true,"href":"https:\/\/noticiasdestaque.com.br\/index.php\/wp-json\/wp\/v2\/users\/1"}],"replies":[{"embeddable":true,"href":"https:\/\/noticiasdestaque.com.br\/index.php\/wp-json\/wp\/v2\/comments?post=41636"}],"version-history":[{"count":0,"href":"https:\/\/noticiasdestaque.com.br\/index.php\/wp-json\/wp\/v2\/posts\/41636\/revisions"}],"wp:featuredmedia":[{"embeddable":true,"href":"https:\/\/noticiasdestaque.com.br\/index.php\/wp-json\/wp\/v2\/media\/41637"}],"wp:attachment":[{"href":"https:\/\/noticiasdestaque.com.br\/index.php\/wp-json\/wp\/v2\/media?parent=41636"}],"wp:term":[{"taxonomy":"category","embeddable":true,"href":"https:\/\/noticiasdestaque.com.br\/index.php\/wp-json\/wp\/v2\/categories?post=41636"},{"taxonomy":"post_tag","embeddable":true,"href":"https:\/\/noticiasdestaque.com.br\/index.php\/wp-json\/wp\/v2\/tags?post=41636"}],"curies":[{"name":"wp","href":"https:\/\/api.w.org\/{rel}","templated":true}]}}