{"id":41616,"date":"2025-02-04T04:00:00","date_gmt":"2025-02-04T07:00:00","guid":{"rendered":"https:\/\/noticiasdestaque.com.br\/index.php\/2025\/02\/04\/ibovespa-comeca-semana-em-queda-de-013\/"},"modified":"2025-02-04T04:00:00","modified_gmt":"2025-02-04T07:00:00","slug":"ibovespa-comeca-semana-em-queda-de-013","status":"publish","type":"post","link":"https:\/\/noticiasdestaque.com.br\/index.php\/2025\/02\/04\/ibovespa-comeca-semana-em-queda-de-013\/","title":{"rendered":"Ibovespa come\u00e7a semana em queda de 0,13%"},"content":{"rendered":"<p>\t\t\t\t\t\t\t\t\t\t<audio controls class=\"b61_audio_player\" data-noticia=\"80000\" src=\"https:\/\/brasil61.com\/rails\/active_storage\/blobs\/eyJfcmFpbHMiOnsibWVzc2FnZSI6IkJBaHBBNDh4QXc9PSIsImV4cCI6bnVsbCwicHVyIjoiYmxvYl9pZCJ9fQ==--0737e52ff0b9fc2aebe666fae0ca2352ed398dcb\/BRAS2513433A\"><\/audio><\/p>\n<p>A bolsa de valores brasileira fechou em baixa nesta segunda-feira (3). Com perdas de 0,13%, o Ibovespa chegou aos 126 mil pontos. O volume total negociado no preg\u00e3o chegou aos R$ 14,75 bilh\u00f5es.\u00a0<\/p>\n<p>A bolsa brasileira seguiu a tend\u00eancia de queda das principais bolsas do mundo, Estados Unidos, Europa e \u00c1sia, que tiveram baixas significativas por conta da taxa\u00e7\u00e3o anunciada por Trump aos produtos vindos do Canad\u00e1, M\u00e9xico e China.\u00a0<\/p>\n<p>No cen\u00e1rio interno, queda para Azul, com recuo de 6,09%; Braskem, ligada ao segmento petroqu\u00edmico, que caiu 5,21%, e MRV Engenharia, com baixa de 5,10%. As altas do dia ficaram por conta da Automob com a maior valoriza\u00e7\u00e3o do dia, subindo 3,23%. O\u00a0Grupo Carrefour fechou em alta de 2,75% e a Hypera com mais 2,63%.\u00a0<\/p>\n<p>Os dados da bolsa de valores brasileira podem ser consultados no site da B3.<\/p>\n<p>\n\u00a0<\/p>\n<p>\t\t\t\t\t\t\t\t\t<img loading=\"lazy\" decoding=\"async\" src=\"https:\/\/brasil61.com\/api\/v1\/serve_pixel\/17677\/80000\" alt=\"Pixel Brasil 61\" class=\"b61_pixel\" width=\"0\" height=\"0\"><\/p>\n<input type=\"hidden\" id=\"baseurl\" value=\"https:\/\/noticiasdestaque.com.br\"><input type=\"hidden\" id=\"audio_nonce\" value=\"5128c810d9\">","protected":false},"excerpt":{"rendered":"<p>\u00cdndice encerrou segunda-feira em leve baixa, aos 126 mil pontos <\/p>\n","protected":false},"author":1,"featured_media":41617,"comment_status":"open","ping_status":"open","sticky":false,"template":"","format":"standard","meta":{"fifu_image_url":"","fifu_image_alt":"","footnotes":""},"categories":[59],"tags":[],"class_list":["post-41616","post","type-post","status-publish","format-standard","has-post-thumbnail","hentry","category-economia"],"distributor_meta":false,"distributor_terms":false,"distributor_media":false,"distributor_original_site_name":"Noticias em Destaque","distributor_original_site_url":"https:\/\/noticiasdestaque.com.br","push-errors":false,"_links":{"self":[{"href":"https:\/\/noticiasdestaque.com.br\/index.php\/wp-json\/wp\/v2\/posts\/41616","targetHints":{"allow":["GET"]}}],"collection":[{"href":"https:\/\/noticiasdestaque.com.br\/index.php\/wp-json\/wp\/v2\/posts"}],"about":[{"href":"https:\/\/noticiasdestaque.com.br\/index.php\/wp-json\/wp\/v2\/types\/post"}],"author":[{"embeddable":true,"href":"https:\/\/noticiasdestaque.com.br\/index.php\/wp-json\/wp\/v2\/users\/1"}],"replies":[{"embeddable":true,"href":"https:\/\/noticiasdestaque.com.br\/index.php\/wp-json\/wp\/v2\/comments?post=41616"}],"version-history":[{"count":0,"href":"https:\/\/noticiasdestaque.com.br\/index.php\/wp-json\/wp\/v2\/posts\/41616\/revisions"}],"wp:featuredmedia":[{"embeddable":true,"href":"https:\/\/noticiasdestaque.com.br\/index.php\/wp-json\/wp\/v2\/media\/41617"}],"wp:attachment":[{"href":"https:\/\/noticiasdestaque.com.br\/index.php\/wp-json\/wp\/v2\/media?parent=41616"}],"wp:term":[{"taxonomy":"category","embeddable":true,"href":"https:\/\/noticiasdestaque.com.br\/index.php\/wp-json\/wp\/v2\/categories?post=41616"},{"taxonomy":"post_tag","embeddable":true,"href":"https:\/\/noticiasdestaque.com.br\/index.php\/wp-json\/wp\/v2\/tags?post=41616"}],"curies":[{"name":"wp","href":"https:\/\/api.w.org\/{rel}","templated":true}]}}