{"id":41608,"date":"2025-02-04T00:03:00","date_gmt":"2025-02-04T03:03:00","guid":{"rendered":"https:\/\/noticiasdestaque.com.br\/index.php\/2025\/02\/04\/febre-amarela-ministerio-da-saude-emite-alerta-para-aumento-de-casos-em-sp-e-outros-tres-estados\/"},"modified":"2025-02-04T00:03:00","modified_gmt":"2025-02-04T03:03:00","slug":"febre-amarela-ministerio-da-saude-emite-alerta-para-aumento-de-casos-em-sp-e-outros-tres-estados","status":"publish","type":"post","link":"https:\/\/noticiasdestaque.com.br\/index.php\/2025\/02\/04\/febre-amarela-ministerio-da-saude-emite-alerta-para-aumento-de-casos-em-sp-e-outros-tres-estados\/","title":{"rendered":"Febre amarela: Minist\u00e9rio da Sa\u00fade emite alerta para aumento de casos em SP e outros tr\u00eas estados"},"content":{"rendered":"<p>\t\t\t\t\t\t\t\t\t\t<audio controls class=\"b61_audio_player\" data-noticia=\"80010\" src=\"https:\/\/brasil61.com\/rails\/active_storage\/blobs\/eyJfcmFpbHMiOnsibWVzc2FnZSI6IkJBaHBBNEF4QXc9PSIsImV4cCI6bnVsbCwicHVyIjoiYmxvYl9pZCJ9fQ==--7bb957bd5125344810185fd36fe983872fc9427f\/BRAS2513435A\"><\/audio><\/p>\n<p>No \u00faltimo domingo (2), o <a href=\"https:\/\/www.gov.br\/saude\/pt-br\" target=\"_blank\">Minist\u00e9rio da Sa\u00fade<\/a> emitiu um alerta para o aumento de transmiss\u00e3o de febre amarela durante o per\u00edodo sazonal da doen\u00e7a, que vai de dezembro a maio, especialmente em S\u00e3o Paulo, al\u00e9m de Minas Gerais, Roraima e Tocantins. O estado paulista \u00e9 que concentra o maior n\u00famero de registros em 2025. A pasta encaminhou uma <a href=\"https:\/\/www.gov.br\/saude\/pt-br\/centrais-de-conteudo\/publicacoes\/notas-tecnicas\/2025\/nota-tecnica-conjunta-no-27-2025-dedt-dpni-svsa.pdf\" target=\"_blank\">nota t\u00e9cnica<\/a> \u00e0s Secretarias de Sa\u00fade com recomenda\u00e7\u00f5es para a intensifica\u00e7\u00e3o das a\u00e7\u00f5es de vigil\u00e2ncia e imuniza\u00e7\u00e3o nas \u00e1reas de risco.<\/p>\n<p>Apenas em Ribeir\u00e3o Preto (SP), 20 casos de febre amarela foram confirmados este ano.\u00a0Campinas, Colina, Osasco, Bragan\u00e7a Paulista, Pedra Bela e Pinhalzinho registraram um caso cada.\u00a0<\/p>\n<h2>Vacina<\/h2>\n<p>Como as localidades do estado de S\u00e3o Paulo concentram a maior parte dos casos da doen\u00e7a este ano, o Minist\u00e9rio decidiu ampliar o envio de doses do imunizante para o governo estadual. Com isso, o estado receber\u00e1 dois milh\u00f5es de doses at\u00e9 o in\u00edcio deste m\u00eas, sendo 800 mil doses extras. Destas, um milh\u00e3o foi entregue em janeiro.<\/p>\n<p>A pasta informou, em nota, que tem auxiliado a Secretaria Estadual de Sa\u00fade de S\u00e3o Paulo na investiga\u00e7\u00e3o de casos suspeitos e confirmados de febre amarela no munic\u00edpio de Ribeir\u00e3o Preto. Na pr\u00f3xima semana, t\u00e9cnicos da pasta participar\u00e3o de uma reuni\u00e3o em Campinas com profissionais do munic\u00edpio e de cidades pr\u00f3ximas.<\/p>\n<p>Segundo a Pasta, o estoque de vacinas contra a febre amarela est\u00e1 regular no Brasil, sendo que os envios v\u00eam sendo realizados conforme as solicita\u00e7\u00f5es dos gestores estaduais, que s\u00e3o respons\u00e1veis pela distribui\u00e7\u00e3o aos munic\u00edpios.<\/p>\n<h2>Orienta\u00e7\u00f5es para os viajantes<\/h2>\n<p>Aqueles que planejam viajar para \u00e1reas com transmiss\u00e3o da febre amarela ou para regi\u00f5es rurais e de mata devem checar a carteira de vacina\u00e7\u00e3o. Quem ainda n\u00e3o tomou a vacina ou recebeu a dose fracionada em 2018 deve procurar uma Unidade de Sa\u00fade pelo menos dez dias antes da viagem para se imunizar e evitar a exposi\u00e7\u00e3o ao v\u00edrus sem estar imediatamente protegido.<\/p>\n<p><strong>Recomenda\u00e7\u00e3o tamb\u00e9m se aplica a:<\/strong><\/p>\n<p>Popula\u00e7\u00f5es residentes em localidades com evid\u00eancia de circula\u00e7\u00e3o viral ou em zona rural;<br \/>\nPopula\u00e7\u00f5es ribeirinhas e no entorno de parques e unidades de conserva\u00e7\u00e3o;<br \/>\nTrabalhadores rurais, agropecu\u00e1rios, extrativistas e do meio ambiente, entre outros;<br \/>\nIndiv\u00edduos com exposi\u00e7\u00e3o espor\u00e1dica em \u00e1reas de risco (rurais, silvestres);<br \/>\nViajantes para \u00e1reas afetadas, incluindo trabalhadores e turistas\/ecoturistas.<\/p>\n<p><em>Com informa\u00e7\u00f5es do Minist\u00e9rio da Sa\u00fade, Bianca Mingote.<\/em><br \/>\n\u00a0<\/p>\n<p>\t\t\t\t\t\t\t\t\t<img loading=\"lazy\" decoding=\"async\" src=\"https:\/\/brasil61.com\/api\/v1\/serve_pixel\/17677\/80010\" alt=\"Pixel Brasil 61\" class=\"b61_pixel\" width=\"0\" height=\"0\"><\/p>\n<input type=\"hidden\" id=\"baseurl\" value=\"https:\/\/noticiasdestaque.com.br\"><input type=\"hidden\" id=\"audio_nonce\" value=\"6f73a554f1\">","protected":false},"excerpt":{"rendered":"<p>Pasta informa que estoque de vacinas est\u00e1 regular, com envios conforme solicita\u00e7\u00f5es dos gestores estaduais<\/p>\n","protected":false},"author":1,"featured_media":41609,"comment_status":"open","ping_status":"open","sticky":false,"template":"","format":"standard","meta":{"fifu_image_url":"","fifu_image_alt":"","footnotes":""},"categories":[51],"tags":[],"class_list":["post-41608","post","type-post","status-publish","format-standard","has-post-thumbnail","hentry","category-saude"],"distributor_meta":false,"distributor_terms":false,"distributor_media":false,"distributor_original_site_name":"Noticias em Destaque","distributor_original_site_url":"https:\/\/noticiasdestaque.com.br","push-errors":false,"_links":{"self":[{"href":"https:\/\/noticiasdestaque.com.br\/index.php\/wp-json\/wp\/v2\/posts\/41608","targetHints":{"allow":["GET"]}}],"collection":[{"href":"https:\/\/noticiasdestaque.com.br\/index.php\/wp-json\/wp\/v2\/posts"}],"about":[{"href":"https:\/\/noticiasdestaque.com.br\/index.php\/wp-json\/wp\/v2\/types\/post"}],"author":[{"embeddable":true,"href":"https:\/\/noticiasdestaque.com.br\/index.php\/wp-json\/wp\/v2\/users\/1"}],"replies":[{"embeddable":true,"href":"https:\/\/noticiasdestaque.com.br\/index.php\/wp-json\/wp\/v2\/comments?post=41608"}],"version-history":[{"count":0,"href":"https:\/\/noticiasdestaque.com.br\/index.php\/wp-json\/wp\/v2\/posts\/41608\/revisions"}],"wp:featuredmedia":[{"embeddable":true,"href":"https:\/\/noticiasdestaque.com.br\/index.php\/wp-json\/wp\/v2\/media\/41609"}],"wp:attachment":[{"href":"https:\/\/noticiasdestaque.com.br\/index.php\/wp-json\/wp\/v2\/media?parent=41608"}],"wp:term":[{"taxonomy":"category","embeddable":true,"href":"https:\/\/noticiasdestaque.com.br\/index.php\/wp-json\/wp\/v2\/categories?post=41608"},{"taxonomy":"post_tag","embeddable":true,"href":"https:\/\/noticiasdestaque.com.br\/index.php\/wp-json\/wp\/v2\/tags?post=41608"}],"curies":[{"name":"wp","href":"https:\/\/api.w.org\/{rel}","templated":true}]}}