{"id":41600,"date":"2025-01-30T00:25:00","date_gmt":"2025-01-30T03:25:00","guid":{"rendered":"https:\/\/noticiasdestaque.com.br\/index.php\/2025\/01\/30\/dengue-brasil-registra-33-mortes-em-2025-sendo-23-em-sp\/"},"modified":"2025-01-30T00:25:00","modified_gmt":"2025-01-30T03:25:00","slug":"dengue-brasil-registra-33-mortes-em-2025-sendo-23-em-sp","status":"publish","type":"post","link":"https:\/\/noticiasdestaque.com.br\/index.php\/2025\/01\/30\/dengue-brasil-registra-33-mortes-em-2025-sendo-23-em-sp\/","title":{"rendered":"Dengue: Brasil registra 33 mortes em 2025, sendo 23 em SP"},"content":{"rendered":"<p>\t\t\t\t\t\t\t\t\t\t<audio controls class=\"b61_audio_player\" data-noticia=\"79928\" src=\"https:\/\/brasil61.com\/rails\/active_storage\/blobs\/eyJfcmFpbHMiOnsibWVzc2FnZSI6IkJBaHBBM0V2QXc9PSIsImV4cCI6bnVsbCwicHVyIjoiYmxvYl9pZCJ9fQ==--6ce723d1d91f7487706cda704ce0f5a161608393\/BRAS2513406A\"><\/audio><\/p>\n<p>O Brasil j\u00e1 registrou 33 mortes por dengue em 2025, sendo que 23 foram confirmadas em S\u00e3o Paulo. Al\u00e9m disso, os casos prov\u00e1veis da doen\u00e7a somam mais de 160 mil e h\u00e1 87 \u00f3bitos em investiga\u00e7\u00e3o. Os dados s\u00e3o do<a href=\"https:\/\/www.gov.br\/saude\/pt-br\/assuntos\/saude-de-a-a-z\/a\/aedes-aegypti\/monitoramento-das-arboviroses\" target=\"_blank\"> Painel de Monitoramento das Arboviroses<\/a> do Minist\u00e9rio da Sa\u00fade, atualizados em 29 de janeiro.\u00a0<\/p>\n<p>Conforme o Painel, o estado paulista tem 94.354 casos prov\u00e1veis de dengue atualmente, com 135 \u00f3bitos sendo investigados.<\/p>\n<p>Acre lidera o ranking com maior coeficiente de incid\u00eancia dos casos prov\u00e1veis de dengue, de 357\u00a0por 100 mil habitantes. S\u00e3o Paulo aparece em seguida, com 205,2 e Mato Grosso, com 170,9. O estado paulista tamb\u00e9m lidera os casos graves, totalizando 716. Goi\u00e1s registrou 201 e Minas Gerais registrou 177 casos de dengue grave.\u00a0<\/p>\n<p>O <a href=\"https:\/\/www.saude.sp.gov.br\/resources\/cve-centro-de-vigilancia-epidemiologica\/areas-de-vigilancia\/doencas-de-transmissao-por-vetores-e-zoonoses\/boletim\/dengue\/2025\/boletimse0103_arboviroses220125.pdf\" target=\"_blank\">Boletim Epidemiol\u00f3gico do Governo do Estado de S\u00e3o Paulo<\/a> referente \u00e0s semanas 1 a 3 de janeiro revela que a UF notificou 77.036 casos de dengue no Sistema de Informa\u00e7\u00e3o de Agravos de Notifica\u00e7\u00e3o (Sinan). Do total dos casos notificados, 19.834 (25,7%) foram confirmados, sendo 19.178 (24,9%) classificados como dengue; 606 (90,8%) como dengue com sinais de alarme e 50 (0,1%) como dengue grave.<\/p>\n<p>Em S\u00e3o Paulo, mais de 30 munic\u00edpios est\u00e3o em situa\u00e7\u00e3o de emerg\u00eancia. O governo estadual anunciou a libera\u00e7\u00e3o de R$ 228 mi\u00a0para apoiar as 645 cidades no enfrentamento da dengue \u2013 sendo metade equivalente \u00e0 cota fixa do incentivo de gest\u00e3o municipal e a outra vinda dos recursos de enfrentamento \u00e0 dengue, segundo o governo.<\/p>\n<p>Entre os repasses, a regi\u00e3o de S\u00e3o Jo\u00e3o da Boa Vista receber\u00e1 R$ 5,5 milh\u00f5es. J\u00e1 S\u00e3o Jos\u00e9 do Rio Preto receber\u00e1 R$ 12,4 milh\u00f5es para intensificar o combate \u00e0 dengue na cidade.<\/p>\n<p>Veja <a href=\"https:\/\/www.agenciasp.sp.gov.br\/governo-de-sp-destina-r-55-milhoes-para-intensificar-o-combate-a-dengue-na-regiao-de-sao-joao-da-boa-vista\/\" target=\"_blank\">valores<\/a> destinados a cada cidade de SP.<\/p>\n<h2>Vacina\u00e7\u00e3o<\/h2>\n<p>A vacina\u00e7\u00e3o contra a dengue est\u00e1 dispon\u00edvel no Sistema \u00danico de Sa\u00fade (SUS) para crian\u00e7as e adolescentes de 10 a 14 anos e regi\u00f5es com maior incid\u00eancia da doen\u00e7a. A faixa et\u00e1ria apresenta maior risco de agravamento pela doen\u00e7a.\u00a0<br \/>\n\u00a0<\/p>\n<p>\t\t\t\t\t\t\t\t\t<img loading=\"lazy\" decoding=\"async\" src=\"https:\/\/brasil61.com\/api\/v1\/serve_pixel\/17677\/79928\" alt=\"Pixel Brasil 61\" class=\"b61_pixel\" width=\"0\" height=\"0\"><\/p>\n<input type=\"hidden\" id=\"baseurl\" value=\"https:\/\/noticiasdestaque.com.br\"><input type=\"hidden\" id=\"audio_nonce\" value=\"6a24ca502e\">","protected":false},"excerpt":{"rendered":"<p>No estado, 31 munic\u00edpios est\u00e3o em situa\u00e7\u00e3o de emerg\u00eancia<\/p>\n","protected":false},"author":1,"featured_media":41601,"comment_status":"open","ping_status":"open","sticky":false,"template":"","format":"standard","meta":{"fifu_image_url":"","fifu_image_alt":"","footnotes":""},"categories":[51],"tags":[],"class_list":["post-41600","post","type-post","status-publish","format-standard","has-post-thumbnail","hentry","category-saude"],"distributor_meta":false,"distributor_terms":false,"distributor_media":false,"distributor_original_site_name":"Noticias em Destaque","distributor_original_site_url":"https:\/\/noticiasdestaque.com.br","push-errors":false,"_links":{"self":[{"href":"https:\/\/noticiasdestaque.com.br\/index.php\/wp-json\/wp\/v2\/posts\/41600","targetHints":{"allow":["GET"]}}],"collection":[{"href":"https:\/\/noticiasdestaque.com.br\/index.php\/wp-json\/wp\/v2\/posts"}],"about":[{"href":"https:\/\/noticiasdestaque.com.br\/index.php\/wp-json\/wp\/v2\/types\/post"}],"author":[{"embeddable":true,"href":"https:\/\/noticiasdestaque.com.br\/index.php\/wp-json\/wp\/v2\/users\/1"}],"replies":[{"embeddable":true,"href":"https:\/\/noticiasdestaque.com.br\/index.php\/wp-json\/wp\/v2\/comments?post=41600"}],"version-history":[{"count":0,"href":"https:\/\/noticiasdestaque.com.br\/index.php\/wp-json\/wp\/v2\/posts\/41600\/revisions"}],"wp:featuredmedia":[{"embeddable":true,"href":"https:\/\/noticiasdestaque.com.br\/index.php\/wp-json\/wp\/v2\/media\/41601"}],"wp:attachment":[{"href":"https:\/\/noticiasdestaque.com.br\/index.php\/wp-json\/wp\/v2\/media?parent=41600"}],"wp:term":[{"taxonomy":"category","embeddable":true,"href":"https:\/\/noticiasdestaque.com.br\/index.php\/wp-json\/wp\/v2\/categories?post=41600"},{"taxonomy":"post_tag","embeddable":true,"href":"https:\/\/noticiasdestaque.com.br\/index.php\/wp-json\/wp\/v2\/tags?post=41600"}],"curies":[{"name":"wp","href":"https:\/\/api.w.org\/{rel}","templated":true}]}}