{"id":41558,"date":"2025-02-04T01:00:00","date_gmt":"2025-02-04T04:00:00","guid":{"rendered":"https:\/\/noticiasdestaque.com.br\/index.php\/2025\/02\/04\/para-confira-agenda-da-agencia-barco-ilha-do-marajo-para-fevereiro\/"},"modified":"2025-02-04T01:00:00","modified_gmt":"2025-02-04T04:00:00","slug":"para-confira-agenda-da-agencia-barco-ilha-do-marajo-para-fevereiro","status":"publish","type":"post","link":"https:\/\/noticiasdestaque.com.br\/index.php\/2025\/02\/04\/para-confira-agenda-da-agencia-barco-ilha-do-marajo-para-fevereiro\/","title":{"rendered":"PAR\u00c1: Confira agenda da Ag\u00eancia-Barco Ilha do Maraj\u00f3 para fevereiro"},"content":{"rendered":"<p>\t\t\t\t\t\t\t\t\t\t<audio controls class=\"b61_audio_player\" data-noticia=\"79977\" src=\"https:\/\/brasil61.com\/rails\/active_storage\/blobs\/eyJfcmFpbHMiOnsibWVzc2FnZSI6IkJBaHBBeDB4QXc9PSIsImV4cCI6bnVsbCwicHVyIjoiYmxvYl9pZCJ9fQ==--ce060f78a38f6556adf7532ab1bbaa135d2932b1\/PCXA250472A\"><\/audio><\/p>\n<p>Aten\u00e7\u00e3o, voc\u00ea que aguarda a Ag\u00eancia-Barco Ilha do Maraj\u00f3, da <a href=\"https:\/\/www.caixa.gov.br\/Paginas\/home-caixa.aspx\" target=\"_blank\">CAIXA<\/a>, chegar no seu munic\u00edpio! O percurso e as datas de fevereiro de 2025 j\u00e1 sa\u00edram. Fique atento ao calend\u00e1rio!\u00a0<\/p>\n<p>A embarca\u00e7\u00e3o vai atender sete munic\u00edpios do Par\u00e1 nesse per\u00edodo, com os servi\u00e7os de desbloqueio de cart\u00f5es e cadastro de senhas para recebimento de benef\u00edcios sociais, como FGTS, Seguro Desemprego, Bolsa Fam\u00edlia e INSS, entre outras opera\u00e7\u00f5es. Todos os servi\u00e7os de uma ag\u00eancia banc\u00e1ria podem ser realizados no barco, com exce\u00e7\u00e3o de movimenta\u00e7\u00e3o de dinheiro em esp\u00e9cie. \u00a0<\/p>\n<p>Escute agora o cronograma e anote a data em que a CAIXA vai estar mais perto de voc\u00ea no m\u00eas de fevereiro.\u00a0<\/p>\n<p>A Ag\u00eancia-Barco Ilha do Maraj\u00f3 iniciar\u00e1 os trabalhos do m\u00eas por Oeiras do Par\u00e1, no dia 3 de fevereiro, onde fica at\u00e9 o dia 4. Entre os dias 5 e 7, estar\u00e1 em S\u00e3o Sebasti\u00e3o da Boa Vista.\u00a0<\/p>\n<p>A partir do dia 17 de fevereiro, os servi\u00e7os ser\u00e3o oferecidos \u00e0 popula\u00e7\u00e3o de Ponta de Pedras, onde a embarca\u00e7\u00e3o permanece at\u00e9 o dia 19. \u00a0<\/p>\n<p>Nos dias 20 e 21, os moradores de Soure v\u00e3o ser atendidos com os servi\u00e7os CAIXA. \u00a0<\/p>\n<p>De 24 a 25 de fevereiro, \u00e9 a vez do munic\u00edpio de Muan\u00e1 receber a embarca\u00e7\u00e3o. \u00a0<\/p>\n<p>No dia 26, ser\u00e1 a vez da Ag\u00eancia-Barco ancorar em Limoeiro do Ajuru.<\/p>\n<p>A \u00faltima parada do m\u00eas ser\u00e1 em Curralinho, onde a embarca\u00e7\u00e3o presta os atendimentos nos dias 27 e 28. \u00a0<\/p>\n<p>O hor\u00e1rio de atendimento \u00e9 das 9 horas da manh\u00e3 \u00e0s tr\u00eas horas da tarde. \u00a0<\/p>\n<p>Para mais informa\u00e7\u00f5es, acesse: <a href=\"https:\/\/www.caixa.gov.br\/Paginas\/home-caixa.aspx\" target=\"_blank\">caixa.gov.br<\/a>.\u00a0<br \/>\n\u00a0<\/p>\n<p>\t\t\t\t\t\t\t\t\t<img loading=\"lazy\" decoding=\"async\" src=\"https:\/\/brasil61.com\/api\/v1\/serve_pixel\/17677\/79977\" alt=\"Pixel Brasil 61\" class=\"b61_pixel\" width=\"0\" height=\"0\"><\/p>\n<input type=\"hidden\" id=\"baseurl\" value=\"https:\/\/noticiasdestaque.com.br\"><input type=\"hidden\" id=\"audio_nonce\" value=\"6f73a554f1\">","protected":false},"excerpt":{"rendered":"<p>A embarca\u00e7\u00e3o vai atender sete munic\u00edpios do Par\u00e1 nesse per\u00edodo, com os servi\u00e7os de desbloqueio de cart\u00f5es e cadastro de senhas para recebimento de benef\u00edcios sociais<\/p>\n","protected":false},"author":1,"featured_media":41559,"comment_status":"open","ping_status":"open","sticky":false,"template":"","format":"standard","meta":{"fifu_image_url":"","fifu_image_alt":"","footnotes":""},"categories":[48],"tags":[],"class_list":["post-41558","post","type-post","status-publish","format-standard","has-post-thumbnail","hentry","category-mundo"],"distributor_meta":false,"distributor_terms":false,"distributor_media":false,"distributor_original_site_name":"Noticias em Destaque","distributor_original_site_url":"https:\/\/noticiasdestaque.com.br","push-errors":false,"_links":{"self":[{"href":"https:\/\/noticiasdestaque.com.br\/index.php\/wp-json\/wp\/v2\/posts\/41558","targetHints":{"allow":["GET"]}}],"collection":[{"href":"https:\/\/noticiasdestaque.com.br\/index.php\/wp-json\/wp\/v2\/posts"}],"about":[{"href":"https:\/\/noticiasdestaque.com.br\/index.php\/wp-json\/wp\/v2\/types\/post"}],"author":[{"embeddable":true,"href":"https:\/\/noticiasdestaque.com.br\/index.php\/wp-json\/wp\/v2\/users\/1"}],"replies":[{"embeddable":true,"href":"https:\/\/noticiasdestaque.com.br\/index.php\/wp-json\/wp\/v2\/comments?post=41558"}],"version-history":[{"count":0,"href":"https:\/\/noticiasdestaque.com.br\/index.php\/wp-json\/wp\/v2\/posts\/41558\/revisions"}],"wp:featuredmedia":[{"embeddable":true,"href":"https:\/\/noticiasdestaque.com.br\/index.php\/wp-json\/wp\/v2\/media\/41559"}],"wp:attachment":[{"href":"https:\/\/noticiasdestaque.com.br\/index.php\/wp-json\/wp\/v2\/media?parent=41558"}],"wp:term":[{"taxonomy":"category","embeddable":true,"href":"https:\/\/noticiasdestaque.com.br\/index.php\/wp-json\/wp\/v2\/categories?post=41558"},{"taxonomy":"post_tag","embeddable":true,"href":"https:\/\/noticiasdestaque.com.br\/index.php\/wp-json\/wp\/v2\/tags?post=41558"}],"curies":[{"name":"wp","href":"https:\/\/api.w.org\/{rel}","templated":true}]}}