{"id":41544,"date":"2025-01-31T00:35:00","date_gmt":"2025-01-31T03:35:00","guid":{"rendered":"https:\/\/noticiasdestaque.com.br\/index.php\/2025\/01\/31\/emendas-individuais-planos-de-trabalho-devem-ser-avaliados-ate-o-dia-1o\/"},"modified":"2025-01-31T00:35:00","modified_gmt":"2025-01-31T03:35:00","slug":"emendas-individuais-planos-de-trabalho-devem-ser-avaliados-ate-o-dia-1o","status":"publish","type":"post","link":"https:\/\/noticiasdestaque.com.br\/index.php\/2025\/01\/31\/emendas-individuais-planos-de-trabalho-devem-ser-avaliados-ate-o-dia-1o\/","title":{"rendered":"Emendas individuais: planos de trabalho devem ser avaliados at\u00e9 o dia 1\u00ba"},"content":{"rendered":"<p>\t\t\t\t\t\t\t\t\t\t<audio controls class=\"b61_audio_player\" data-noticia=\"79950\" src=\"https:\/\/brasil61.com\/rails\/active_storage\/blobs\/eyJfcmFpbHMiOnsibWVzc2FnZSI6IkJBaHBBeGN3QXc9PSIsImV4cCI6bnVsbCwicHVyIjoiYmxvYl9pZCJ9fQ==--f4bcbec020f0054c1d8b7d0519da9f03136795d3\/BRAS2513416A\"><\/audio><\/p>\n<p>At\u00e9 1\u00ba de fevereiro,\u00a0os \u00f3rg\u00e3os e entidades setoriais do Sistema de Gest\u00e3o de Parcerias da Uni\u00e3o (Sigpar) devem avaliar \u2013 no sistema Transferegov.br \u2013 os planos elaborados pelos entes benefici\u00e1rios das transfer\u00eancias especiais do per\u00edodo. A data foi definida pela\u00a0<a href=\"https:\/\/www.in.gov.br\/en\/web\/dou\/-\/portaria-conjunta-mgi\/mf-n-2-de-24-de-janeiro-de-2025-609150314\" target=\"_blank\">Portaria Conjunta MGI\/MF 2\/2025<\/a>, publicada em edi\u00e7\u00e3o extraordin\u00e1ria do Di\u00e1rio Oficial da Uni\u00e3o (DOU), na \u00faltima segunda-feira (27).<\/p>\n<p>A portaria estabelece regras e diretrizes para possibilitar que os minist\u00e9rios setoriais analisem os planos de trabalho relacionados \u00e0s emendas individuais na modalidade Transfer\u00eancia Especial. Nesse caso, referem-se aos recursos repassados em 2024 e anos anteriores.<\/p>\n<p>Segundo nota da <a href=\"https:\/\/cnm.org.br\/\">Confedera\u00e7\u00e3o Nacional de Munic\u00edpios (CNM)<\/a>, os m\u00e9todos de transpar\u00eancia aos repasses de recursos foram adotados ap\u00f3s decis\u00e3o do Supremo Tribunal Federal (STF). Dessa forma, o Transferegov.br foi adaptado para que estados e munic\u00edpios registrem os planejamentos de trabalho \u2013 os quais s\u00e3o analisados pelos minist\u00e9rios dentro do pr\u00f3prio sistema.<\/p>\n<p>O Minist\u00e9rio da Gest\u00e3o e da Inova\u00e7\u00e3o em Servi\u00e7os P\u00fablicos explicou, em nota, que a avalia\u00e7\u00e3o dos planos de trabalho ser\u00e1 feita prioritariamente em ordem decrescente dos ciclos de execu\u00e7\u00e3o das transfer\u00eancias especiais e se dar\u00e1 pela: aprova\u00e7\u00e3o; solicita\u00e7\u00e3o de complementa\u00e7\u00e3o de informa\u00e7\u00e3o; reprova\u00e7\u00e3o parcial; ou reprova\u00e7\u00e3o total.<\/p>\n<p>Em casos de complementa\u00e7\u00e3o de informa\u00e7\u00e3o, o ente benefici\u00e1rio ter\u00e1 30 dias corridos para efetuar os ajustes e o \u00f3rg\u00e3o respons\u00e1vel pela an\u00e1lise dever\u00e1 inserir parecer conclusivo em at\u00e9 60 dias ap\u00f3s o recebimento do complemento.\u00a0<\/p>\n<p>Em caso de plano reprovado, parcial ou totalmente, novas transfer\u00eancias especiais ser\u00e3o suspensas. A medida de suspens\u00e3o poder\u00e1 ser retirada quando o ente apresentar as altera\u00e7\u00f5es necess\u00e1rias e seja aprovado em nova an\u00e1lise pelo minist\u00e9rio.\u00a0<\/p>\n<p><em>Com informa\u00e7\u00f5es da Ag\u00eancia CNM de Not\u00edcias e do Minist\u00e9rio da Gest\u00e3o e da Inova\u00e7\u00e3o em Servi\u00e7os P\u00fablicos, Bianca Mingote<\/em><\/p>\n<p>\n\u00a0<\/p>\n<p>\t\t\t\t\t\t\t\t\t<img loading=\"lazy\" decoding=\"async\" src=\"https:\/\/brasil61.com\/api\/v1\/serve_pixel\/17677\/79950\" alt=\"Pixel Brasil 61\" class=\"b61_pixel\" width=\"0\" height=\"0\"><\/p>\n<input type=\"hidden\" id=\"baseurl\" value=\"https:\/\/noticiasdestaque.com.br\"><input type=\"hidden\" id=\"audio_nonce\" value=\"6f73a554f1\">","protected":false},"excerpt":{"rendered":"<p>O prazo vale para os planos de trabalho relacionados \u00e0s emendas individuais na modalidade Transfer\u00eancia Especial; os m\u00e9todos de transpar\u00eancia aos repasses de recursos foram adotados ap\u00f3s decis\u00e3o do Supremo Tribunal Federal (STF)<\/p>\n","protected":false},"author":1,"featured_media":41545,"comment_status":"open","ping_status":"open","sticky":false,"template":"","format":"standard","meta":{"fifu_image_url":"","fifu_image_alt":"","footnotes":""},"categories":[48],"tags":[],"class_list":["post-41544","post","type-post","status-publish","format-standard","has-post-thumbnail","hentry","category-mundo"],"distributor_meta":false,"distributor_terms":false,"distributor_media":false,"distributor_original_site_name":"Noticias em Destaque","distributor_original_site_url":"https:\/\/noticiasdestaque.com.br","push-errors":false,"_links":{"self":[{"href":"https:\/\/noticiasdestaque.com.br\/index.php\/wp-json\/wp\/v2\/posts\/41544","targetHints":{"allow":["GET"]}}],"collection":[{"href":"https:\/\/noticiasdestaque.com.br\/index.php\/wp-json\/wp\/v2\/posts"}],"about":[{"href":"https:\/\/noticiasdestaque.com.br\/index.php\/wp-json\/wp\/v2\/types\/post"}],"author":[{"embeddable":true,"href":"https:\/\/noticiasdestaque.com.br\/index.php\/wp-json\/wp\/v2\/users\/1"}],"replies":[{"embeddable":true,"href":"https:\/\/noticiasdestaque.com.br\/index.php\/wp-json\/wp\/v2\/comments?post=41544"}],"version-history":[{"count":0,"href":"https:\/\/noticiasdestaque.com.br\/index.php\/wp-json\/wp\/v2\/posts\/41544\/revisions"}],"wp:featuredmedia":[{"embeddable":true,"href":"https:\/\/noticiasdestaque.com.br\/index.php\/wp-json\/wp\/v2\/media\/41545"}],"wp:attachment":[{"href":"https:\/\/noticiasdestaque.com.br\/index.php\/wp-json\/wp\/v2\/media?parent=41544"}],"wp:term":[{"taxonomy":"category","embeddable":true,"href":"https:\/\/noticiasdestaque.com.br\/index.php\/wp-json\/wp\/v2\/categories?post=41544"},{"taxonomy":"post_tag","embeddable":true,"href":"https:\/\/noticiasdestaque.com.br\/index.php\/wp-json\/wp\/v2\/tags?post=41544"}],"curies":[{"name":"wp","href":"https:\/\/api.w.org\/{rel}","templated":true}]}}