{"id":41526,"date":"2025-01-30T00:30:00","date_gmt":"2025-01-30T03:30:00","guid":{"rendered":"https:\/\/noticiasdestaque.com.br\/index.php\/2025\/01\/30\/empresarios-tem-ate-sexta-feira-31-para-aderir-ao-simples-nacional\/"},"modified":"2025-01-30T00:30:00","modified_gmt":"2025-01-30T03:30:00","slug":"empresarios-tem-ate-sexta-feira-31-para-aderir-ao-simples-nacional","status":"publish","type":"post","link":"https:\/\/noticiasdestaque.com.br\/index.php\/2025\/01\/30\/empresarios-tem-ate-sexta-feira-31-para-aderir-ao-simples-nacional\/","title":{"rendered":"Empres\u00e1rios t\u00eam at\u00e9 sexta-feira (31) para aderir ao Simples Nacional"},"content":{"rendered":"<p>\t\t\t\t\t\t\t\t\t\t<audio controls class=\"b61_audio_player\" data-noticia=\"79922\" src=\"https:\/\/brasil61.com\/rails\/active_storage\/blobs\/eyJfcmFpbHMiOnsibWVzc2FnZSI6IkJBaHBBMll2QXc9PSIsImV4cCI6bnVsbCwicHVyIjoiYmxvYl9pZCJ9fQ==--eb0ddacd09acfe2de65c3ea14f3d7e9c4985d573\/BRAS2513401A\"><\/audio><\/p>\n<p>Empresas j\u00e1 constitu\u00eddas t\u00eam at\u00e9 esta sexta-feira, dia 31,\u00a0para aderir ao <a href=\"https:\/\/www8.receita.fazenda.gov.br\/SimplesNacional\/Arquivos\/manual\/PerguntaoSN.pdf\">Simples Nacional<\/a>. Dados da Receita Federal mostram que, at\u00e9 o momento, 896.199 empres\u00e1rios j\u00e1 solicitaram a ades\u00e3o ao regime tribut\u00e1rio simplificado, que oferece benef\u00edcios como a unifica\u00e7\u00e3o de tributos e a redu\u00e7\u00e3o da burocracia.<\/p>\n<p>O estado de S\u00e3o Paulo lidera o n\u00famero de solicita\u00e7\u00f5es, com 247.934 pedidos para aderir ao Simples Nacional. Minas Gerais registrou 86.247 solicita\u00e7\u00f5es, enquanto o Rio de Janeiro contabilizou 70.850. O Rio Grande do Sul e a Bahia, com 45.657 e 44.021 pedidos, respectivamente, tamb\u00e9m est\u00e3o entre os estados com maior demanda para o regime tribut\u00e1rio simplificado.<\/p>\n<p>Mareska Tiveron, advogada especialista em compliance e fintechs, explica que o Simples Nacional \u00e9 um regime tribut\u00e1rio criado para incentivar o empreendedorismo no Brasil, oferecendo uma carga tribut\u00e1ria reduzida e simplificando o processo de entrega de declara\u00e7\u00f5es ao governo.<\/p>\n<p>\u201cExistem dois momentos em que a empresa pode optar pelo pelo Simples Nacional: na abertura do CNPJ dela ou no primeiro m\u00eas de cada ano. Ent\u00e3o, por exemplo, estamos agora em 2025, o prazo para solicita\u00e7\u00e3o dessa op\u00e7\u00e3o \u00e9 at\u00e9 31 de janeiro de 2025\u201d, informa.<\/p>\n<p><a href=\"https:\/\/brasil61.com\/n\/monitoramento-pix-que-cuidados-os-pequenos-negocios-devem-ter-na-gestao-fiscal-para-evitar-problemas-com-a-receita-federal-bras2513384\">Monitoramento PIX: que cuidados os pequenos neg\u00f3cios devem ter na gest\u00e3o fiscal para evitar problemas com a Receita Federal?<\/a><\/p>\n<h2>Quem pode solicitar ades\u00e3o ao Simples Nacional?<\/h2>\n<p>Ariele Fire, CEO da Fire Consultoria, destaca que o Simples Nacional \u00e9 um regime tribut\u00e1rio destinado a micro e pequenas empresas que faturam at\u00e9 a casa de R$ 4.8 milh\u00f5es por ano. Al\u00e9m disso, as empresas precisam ter natureza jur\u00eddica de sociedade empres\u00e1ria, sociedade simples, empresa individual ou empres\u00e1rio individual.<\/p>\n<p>A especialista alerta para crit\u00e9rios que podem impedir a ades\u00e3o ao Simples Nacional.<\/p>\n<p>&#8220;D\u00edvidas com o munic\u00edpio, atividades econ\u00f4micas n\u00e3o permitidas no regime e participa\u00e7\u00e3o societ\u00e1ria irregular s\u00e3o alguns dos fatores que podem impedir a ades\u00e3o. Para evitar esses problemas, o empres\u00e1rio deve verificar sua situa\u00e7\u00e3o fiscal e, se necess\u00e1rio, regularizar as pend\u00eancias antes do fim do prazo. Ent\u00e3o, voc\u00ea teria at\u00e9 o dia 30 de janeiro para estar regularizado&#8221;, explica.<\/p>\n<h2>O que acontece com os empres\u00e1rios que perdem o prazo de ades\u00e3o?<\/h2>\n<p>Ariele Fire tamb\u00e9m ressalta que, caso as empresas percam o prazo de ades\u00e3o em janeiro de 2025, elas s\u00f3 poder\u00e3o solicitar a ades\u00e3o ao Simples Nacional novamente em janeiro de 2026.<\/p>\n<p>\u201cIsso significa que, durante todo o ano de 2024, a empresa precisar\u00e1 seguir o regime tribut\u00e1rio anterior, o que pode resultar no pagamento de impostos mais altos do que o necess\u00e1rio. Por isso, a dica \u00e9: n\u00e3o perca o prazo, que vai at\u00e9 31 de janeiro\u201d, conclui.<\/p>\n<h2>Como optar pelo Simples Nacional?<\/h2>\n<p>Para optar pelo regime, basta acessar o <a href=\"https:\/\/www8.receita.fazenda.gov.br\/SimplesNacional\/Servicos\/Grupo.aspx?grp=t&amp;area=1\">Portal do Simples Nacional<\/a> e realizar o login. O sistema verificar\u00e1 automaticamente os requisitos necess\u00e1rios para aprova\u00e7\u00e3o.<\/p>\n<p>Ap\u00f3s fazer o pedido, o empres\u00e1rio pode acompanhar o andamento da solicita\u00e7\u00e3o no mesmo Portal.<\/p>\n<p>Com informa\u00e7\u00f5es da Receita Federal<\/p>\n<p>\t\t\t\t\t\t\t\t\t<img loading=\"lazy\" decoding=\"async\" src=\"https:\/\/brasil61.com\/api\/v1\/serve_pixel\/17677\/79922\" alt=\"Pixel Brasil 61\" class=\"b61_pixel\" width=\"0\" height=\"0\"><\/p>\n<input type=\"hidden\" id=\"baseurl\" value=\"https:\/\/noticiasdestaque.com.br\"><input type=\"hidden\" id=\"audio_nonce\" value=\"6a24ca502e\">","protected":false},"excerpt":{"rendered":"<p>Quase 900 mil empres\u00e1rios j\u00e1 fizeram o pedido para ingressar no regime<\/p>\n","protected":false},"author":1,"featured_media":41527,"comment_status":"open","ping_status":"open","sticky":false,"template":"","format":"standard","meta":{"fifu_image_url":"","fifu_image_alt":"","footnotes":""},"categories":[59],"tags":[],"class_list":["post-41526","post","type-post","status-publish","format-standard","has-post-thumbnail","hentry","category-economia"],"distributor_meta":false,"distributor_terms":false,"distributor_media":false,"distributor_original_site_name":"Noticias em Destaque","distributor_original_site_url":"https:\/\/noticiasdestaque.com.br","push-errors":false,"_links":{"self":[{"href":"https:\/\/noticiasdestaque.com.br\/index.php\/wp-json\/wp\/v2\/posts\/41526","targetHints":{"allow":["GET"]}}],"collection":[{"href":"https:\/\/noticiasdestaque.com.br\/index.php\/wp-json\/wp\/v2\/posts"}],"about":[{"href":"https:\/\/noticiasdestaque.com.br\/index.php\/wp-json\/wp\/v2\/types\/post"}],"author":[{"embeddable":true,"href":"https:\/\/noticiasdestaque.com.br\/index.php\/wp-json\/wp\/v2\/users\/1"}],"replies":[{"embeddable":true,"href":"https:\/\/noticiasdestaque.com.br\/index.php\/wp-json\/wp\/v2\/comments?post=41526"}],"version-history":[{"count":0,"href":"https:\/\/noticiasdestaque.com.br\/index.php\/wp-json\/wp\/v2\/posts\/41526\/revisions"}],"wp:featuredmedia":[{"embeddable":true,"href":"https:\/\/noticiasdestaque.com.br\/index.php\/wp-json\/wp\/v2\/media\/41527"}],"wp:attachment":[{"href":"https:\/\/noticiasdestaque.com.br\/index.php\/wp-json\/wp\/v2\/media?parent=41526"}],"wp:term":[{"taxonomy":"category","embeddable":true,"href":"https:\/\/noticiasdestaque.com.br\/index.php\/wp-json\/wp\/v2\/categories?post=41526"},{"taxonomy":"post_tag","embeddable":true,"href":"https:\/\/noticiasdestaque.com.br\/index.php\/wp-json\/wp\/v2\/tags?post=41526"}],"curies":[{"name":"wp","href":"https:\/\/api.w.org\/{rel}","templated":true}]}}