{"id":41510,"date":"2025-01-29T00:30:00","date_gmt":"2025-01-29T03:30:00","guid":{"rendered":"https:\/\/noticiasdestaque.com.br\/index.php\/2025\/01\/29\/saude-novos-gestores-precisam-atualizar-cadastro-no-siops\/"},"modified":"2025-01-29T00:30:00","modified_gmt":"2025-01-29T03:30:00","slug":"saude-novos-gestores-precisam-atualizar-cadastro-no-siops","status":"publish","type":"post","link":"https:\/\/noticiasdestaque.com.br\/index.php\/2025\/01\/29\/saude-novos-gestores-precisam-atualizar-cadastro-no-siops\/","title":{"rendered":"Sa\u00fade: novos gestores precisam atualizar cadastro no Siops"},"content":{"rendered":"<p>\t\t\t\t\t\t\t\t\t\t<audio controls class=\"b61_audio_player\" data-noticia=\"79882\" src=\"https:\/\/brasil61.com\/rails\/active_storage\/blobs\/eyJfcmFpbHMiOnsibWVzc2FnZSI6IkJBaHBBN1F1QXc9PSIsImV4cCI6bnVsbCwicHVyIjoiYmxvYl9pZCJ9fQ==--36d02b9bb3b8f450032033274521fe03b9213ae1\/BRAS2513390A\"><\/audio><\/p>\n<p>Novos gestores municipais t\u00eam at\u00e9 o dia 30 de janeiro para realizar o cadastro no Sistema de Informa\u00e7\u00f5es sobre Or\u00e7amentos P\u00fablicos em Sa\u00fade (Siops) e evitar penaliza\u00e7\u00f5es pelo n\u00e3o envio dos relat\u00f3rios da sa\u00fade. A Confedera\u00e7\u00e3o Nacional de Munic\u00edpios (CNM) alerta que \u00e9 necess\u00e1rio enviar os dados referentes ao 6\u00ba bimestre de 2024, que compreende o \u00faltimo bimestre do ano passado, de acordo com a Lei Complementar 141\/2012.<\/p>\n<p>Os gestores que n\u00e3o enviarem os dados dentro do prazo podem sofrer suspens\u00e3o de transfer\u00eancias volunt\u00e1rias e o bloqueio de repasses constitucionais, como o Fundo de Participa\u00e7\u00e3o dos Munic\u00edpios (FPM), a partir de 2 de mar\u00e7o.<\/p>\n<p>Antes da Lei Geral de Prote\u00e7\u00e3o de Dados (LGPD), o pr\u00e9-cadastramento dos prefeitos era feito automaticamente com informa\u00e7\u00f5es do Tribunal Superior Eleitoral (TSE). Agora, com a Lei 13.709\/2018, dados pessoais como CPF e e-mail n\u00e3o podem ser divulgados, exigindo que o cadastro seja realizado manualmente. Prefeitos reeleitos est\u00e3o isentos da exig\u00eancia de cadastramento, pois os dados j\u00e1 constam no sistema.<\/p>\n<h2>Como fazer o cadastro<\/h2>\n<p>O Minist\u00e9rio da Sa\u00fade orienta que os novos prefeitos enviem um e-mail para siops@saude.gov.br, com o assunto \u201cAtualiza\u00e7\u00e3o Cadastral de Prefeitos no Siops\u201d, incluindo as seguintes informa\u00e7\u00f5es:<\/p>\n<ul>\n<li>Munic\u00edpio\/UF<\/li>\n<li>Nome completo<\/li>\n<li>CPF<\/li>\n<li>E-mail<\/li>\n<li>Contato telef\u00f4nico<\/li>\n<li>Termo ou ata de posse\/diploma<\/li>\n<\/ul>\n<p>Ap\u00f3s o envio, o gestor receber\u00e1 uma confirma\u00e7\u00e3o com as orienta\u00e7\u00f5es para os pr\u00f3ximos passos.<\/p>\n<h2>Sobre o Siops<\/h2>\n<p>O Siops \u00e9 o sistema respons\u00e1vel pelo registro das receitas totais e despesas p\u00fablicas em sa\u00fade de todos os entes federados. Ele \u00e9 a \u00fanica ferramenta no Brasil com informa\u00e7\u00f5es or\u00e7ament\u00e1rias p\u00fablicas de sa\u00fade, utilizada para monitorar o cumprimento da aplica\u00e7\u00e3o m\u00ednima de recursos em A\u00e7\u00f5es e Servi\u00e7os P\u00fablicos de Sa\u00fade (ASPS).<\/p>\n<p>Os gestores dos entes federados s\u00e3o obrigados a informar, a cada bimestre, as receitas e despesas no sistema.<\/p>\n<p>Al\u00e9m de monitorar a aplica\u00e7\u00e3o m\u00ednima, o Siops fornece dados para o relat\u00f3rio \u201cSa\u00fade\u201d do Relat\u00f3rio Resumido de Execu\u00e7\u00e3o Or\u00e7ament\u00e1ria, contribuindo para a transpar\u00eancia e a fiscaliza\u00e7\u00e3o da gest\u00e3o de recursos destinados \u00e0 sa\u00fade p\u00fablica.<\/p>\n<p>Com informa\u00e7\u00f5es da CNM e do Minist\u00e9rio da Sa\u00fade<\/p>\n<p>\t\t\t\t\t\t\t\t\t<img loading=\"lazy\" decoding=\"async\" src=\"https:\/\/brasil61.com\/api\/v1\/serve_pixel\/17677\/79882\" alt=\"Pixel Brasil 61\" class=\"b61_pixel\" width=\"0\" height=\"0\"><\/p>\n<input type=\"hidden\" id=\"baseurl\" value=\"https:\/\/noticiasdestaque.com.br\"><input type=\"hidden\" id=\"audio_nonce\" value=\"6f73a554f1\">","protected":false},"excerpt":{"rendered":"<p>Os gestores que n\u00e3o enviarem os dados dentro do prazo podem sofrer suspens\u00e3o de transfer\u00eancias volunt\u00e1rias e o bloqueio de repasses constitucionais, como o Fundo de Participa\u00e7\u00e3o dos Munic\u00edpios (FPM)<\/p>\n","protected":false},"author":1,"featured_media":41511,"comment_status":"open","ping_status":"open","sticky":false,"template":"","format":"standard","meta":{"fifu_image_url":"","fifu_image_alt":"","footnotes":""},"categories":[51],"tags":[],"class_list":["post-41510","post","type-post","status-publish","format-standard","has-post-thumbnail","hentry","category-saude"],"distributor_meta":false,"distributor_terms":false,"distributor_media":false,"distributor_original_site_name":"Noticias em Destaque","distributor_original_site_url":"https:\/\/noticiasdestaque.com.br","push-errors":false,"_links":{"self":[{"href":"https:\/\/noticiasdestaque.com.br\/index.php\/wp-json\/wp\/v2\/posts\/41510","targetHints":{"allow":["GET"]}}],"collection":[{"href":"https:\/\/noticiasdestaque.com.br\/index.php\/wp-json\/wp\/v2\/posts"}],"about":[{"href":"https:\/\/noticiasdestaque.com.br\/index.php\/wp-json\/wp\/v2\/types\/post"}],"author":[{"embeddable":true,"href":"https:\/\/noticiasdestaque.com.br\/index.php\/wp-json\/wp\/v2\/users\/1"}],"replies":[{"embeddable":true,"href":"https:\/\/noticiasdestaque.com.br\/index.php\/wp-json\/wp\/v2\/comments?post=41510"}],"version-history":[{"count":0,"href":"https:\/\/noticiasdestaque.com.br\/index.php\/wp-json\/wp\/v2\/posts\/41510\/revisions"}],"wp:featuredmedia":[{"embeddable":true,"href":"https:\/\/noticiasdestaque.com.br\/index.php\/wp-json\/wp\/v2\/media\/41511"}],"wp:attachment":[{"href":"https:\/\/noticiasdestaque.com.br\/index.php\/wp-json\/wp\/v2\/media?parent=41510"}],"wp:term":[{"taxonomy":"category","embeddable":true,"href":"https:\/\/noticiasdestaque.com.br\/index.php\/wp-json\/wp\/v2\/categories?post=41510"},{"taxonomy":"post_tag","embeddable":true,"href":"https:\/\/noticiasdestaque.com.br\/index.php\/wp-json\/wp\/v2\/tags?post=41510"}],"curies":[{"name":"wp","href":"https:\/\/api.w.org\/{rel}","templated":true}]}}