{"id":41461,"date":"2025-01-24T01:11:00","date_gmt":"2025-01-24T04:11:00","guid":{"rendered":"https:\/\/noticiasdestaque.com.br\/index.php\/2025\/01\/24\/dolar-fecha-com-4a-queda-seguida\/"},"modified":"2025-01-24T01:11:00","modified_gmt":"2025-01-24T04:11:00","slug":"dolar-fecha-com-4a-queda-seguida","status":"publish","type":"post","link":"https:\/\/noticiasdestaque.com.br\/index.php\/2025\/01\/24\/dolar-fecha-com-4a-queda-seguida\/","title":{"rendered":"D\u00f3lar fecha com 4\u00aa queda seguida"},"content":{"rendered":"<p>\t\t\t\t\t\t\t\t\t\t<audio controls class=\"b61_audio_player\" data-noticia=\"79825\" src=\"https:\/\/brasil61.com\/rails\/active_storage\/blobs\/eyJfcmFpbHMiOnsibWVzc2FnZSI6IkJBaHBBelV0QXc9PSIsImV4cCI6bnVsbCwicHVyIjoiYmxvYl9pZCJ9fQ==--e877f7e412d54af06b7a8832ef7665245ac6d215\/BRAS2513371A\"><\/audio><\/p>\n<p>O d\u00f3lar inicia esta sexta-feira (24) cotado a R$ 5,92, ap\u00f3s a quarta queda seguida. Dessa vez, o recuo registrado no \u00faltimo fechamento foi de \u00a00,34%. Essa \u00e9 a menor cota\u00e7\u00e3o desde 27 de novembro,\u00a0quando encerrou em R$ 5,91.<\/p>\n<p>As altera\u00e7\u00f5es no c\u00e2mbio s\u00e3o influenciadas, em especial, pela\u00a0rea\u00e7\u00e3o ao mandato de Donald Trump.<\/p>\n<p>O recuo \u00e9 puxado por\u00a0mais um dia de espera sobre\u00a0medidas tarif\u00e1rias do presidente dos Estados Unidos, como\u00a0tarifas a importa\u00e7\u00f5es que amea\u00e7a impor<\/p>\n<p>Al\u00e9m disso, ap\u00f3s declara\u00e7\u00f5es de Trump,\u00a0no F\u00f3rum Econ\u00f4mico Mundial, em Davos, na Su\u00ed\u00e7a, a moeda chegou\u00a0\u00e0\u00a0m\u00ednima de\u00a0R$ 5,87. O presidente norte-americano refor\u00e7ou que pretende reduzir os impostos para as empresas\u00a0fabricarem produtos dentro dos EUA, e que vai taxar companhias que n\u00e3o produzirem dentro do pa\u00eds.<\/p>\n<p>\u00a0<\/p>\n<p>\t\t\t\t\t\t\t\t\t<img loading=\"lazy\" decoding=\"async\" src=\"https:\/\/brasil61.com\/api\/v1\/serve_pixel\/17677\/79825\" alt=\"Pixel Brasil 61\" class=\"b61_pixel\" width=\"0\" height=\"0\"><\/p>\n<input type=\"hidden\" id=\"baseurl\" value=\"https:\/\/noticiasdestaque.com.br\"><input type=\"hidden\" id=\"audio_nonce\" value=\"6f73a554f1\">","protected":false},"excerpt":{"rendered":"<p>Queda foi de 0,34%, registrando a menor cota\u00e7\u00e3o desde 27\/11<\/p>\n","protected":false},"author":1,"featured_media":41462,"comment_status":"open","ping_status":"open","sticky":false,"template":"","format":"standard","meta":{"fifu_image_url":"","fifu_image_alt":"","footnotes":""},"categories":[59],"tags":[],"class_list":["post-41461","post","type-post","status-publish","format-standard","has-post-thumbnail","hentry","category-economia"],"distributor_meta":false,"distributor_terms":false,"distributor_media":false,"distributor_original_site_name":"Noticias em Destaque","distributor_original_site_url":"https:\/\/noticiasdestaque.com.br","push-errors":false,"_links":{"self":[{"href":"https:\/\/noticiasdestaque.com.br\/index.php\/wp-json\/wp\/v2\/posts\/41461","targetHints":{"allow":["GET"]}}],"collection":[{"href":"https:\/\/noticiasdestaque.com.br\/index.php\/wp-json\/wp\/v2\/posts"}],"about":[{"href":"https:\/\/noticiasdestaque.com.br\/index.php\/wp-json\/wp\/v2\/types\/post"}],"author":[{"embeddable":true,"href":"https:\/\/noticiasdestaque.com.br\/index.php\/wp-json\/wp\/v2\/users\/1"}],"replies":[{"embeddable":true,"href":"https:\/\/noticiasdestaque.com.br\/index.php\/wp-json\/wp\/v2\/comments?post=41461"}],"version-history":[{"count":0,"href":"https:\/\/noticiasdestaque.com.br\/index.php\/wp-json\/wp\/v2\/posts\/41461\/revisions"}],"wp:featuredmedia":[{"embeddable":true,"href":"https:\/\/noticiasdestaque.com.br\/index.php\/wp-json\/wp\/v2\/media\/41462"}],"wp:attachment":[{"href":"https:\/\/noticiasdestaque.com.br\/index.php\/wp-json\/wp\/v2\/media?parent=41461"}],"wp:term":[{"taxonomy":"category","embeddable":true,"href":"https:\/\/noticiasdestaque.com.br\/index.php\/wp-json\/wp\/v2\/categories?post=41461"},{"taxonomy":"post_tag","embeddable":true,"href":"https:\/\/noticiasdestaque.com.br\/index.php\/wp-json\/wp\/v2\/tags?post=41461"}],"curies":[{"name":"wp","href":"https:\/\/api.w.org\/{rel}","templated":true}]}}