{"id":41457,"date":"2025-01-14T00:02:00","date_gmt":"2025-01-14T03:02:00","guid":{"rendered":"https:\/\/noticiasdestaque.com.br\/index.php\/2025\/01\/14\/seguranca-publica-projetos-serao-analisados-no-senado\/"},"modified":"2025-01-14T00:02:00","modified_gmt":"2025-01-14T03:02:00","slug":"seguranca-publica-projetos-serao-analisados-no-senado","status":"publish","type":"post","link":"https:\/\/noticiasdestaque.com.br\/index.php\/2025\/01\/14\/seguranca-publica-projetos-serao-analisados-no-senado\/","title":{"rendered":"Seguran\u00e7a P\u00fablica: projetos ser\u00e3o analisados no Senado"},"content":{"rendered":"<p>\t\t\t\t\t\t\t\t\t\t<audio controls class=\"b61_audio_player\" data-noticia=\"79603\" src=\"https:\/\/brasil61.com\/rails\/active_storage\/blobs\/eyJfcmFpbHMiOnsibWVzc2FnZSI6IkJBaHBBOEVuQXc9PSIsImV4cCI6bnVsbCwicHVyIjoiYmxvYl9pZCJ9fQ==--bb6e8a1b6bcd93ed6d007dffe6cb7181f2c2cce8\/BRAS2513309A\"><\/audio><\/p>\n<p>Uma s\u00e9rie de projetos de lei, aprovados nos \u00faltimos dias de 2024 na C\u00e2mara, passam agora pela an\u00e1lise dos senadores na volta do recesso parlamentar, na primeira semana de fevereiro. Se\u00e7\u00e3o 8 propostas que tratam desde a sa\u00fade mental dos policiais envolvidos em a\u00e7\u00f5es de alto estresse at\u00e9 campanhas de combate \u00e0 viol\u00eancia contra policiais.<\/p>\n<p>Um deles, o <a href=\"https:\/\/www25.senado.leg.br\/web\/atividade\/materias\/-\/materia\/166914#:~:text=Projeto%20de%20Lei%20n%C2%B0%202573%2C%20de%202023&amp;text=Ementa%3A%20Altera%20as%20Leis%20n%C2%BAs,p%C3%BAblica%20e%20de%20defesa%20social.\">PL 2.573\/2023<\/a>, trata sobre a previs\u00e3o de assist\u00eancia psicol\u00f3gica ou psiqui\u00e1trica para agentes de seguran\u00e7a que estiverem envolvidos em atos altamente estressantes. O texto do deputado Andr\u00e9 Janones (PT-MG) reserva entre 10% e 15% dos recursos do Fundo Nacional de Seguran\u00e7a P\u00fablica (FNSP) para a\u00e7\u00f5es de sa\u00fade mental com o intuito de prevenir o suic\u00eddio desses policiais.<\/p>\n<p>Outro projeto que lei que prev\u00ea uso de recursos do FNSP \u00e9 o <a href=\"http:\/\/Outro projeto que lei que prev\u00ea uso de recursos do FNSP \u00e9 o PL 779\/2024.  https:\/\/www25.senado.leg.br\/web\/atividade\/materias\/-\/materia\/166909\">PL 779\/2024<\/a>.\u00a0No texto do senador Alberto Fraga (PL-DF), est\u00e1 prevista a cria\u00e7\u00e3o da campanha Abril Branco, de combate \u00e0 viol\u00eancia contra policiais. Entre as a\u00e7\u00f5es previstas no m\u00eas, est\u00e3o debates sobre medidas de prote\u00e7\u00e3o, financiamento de campanhas com foco no treinamento t\u00e1tico das corpora\u00e7\u00f5es e financiamento para compatibilidade de armamento e compra de equipamentos necess\u00e1rios \u00e0 prote\u00e7\u00e3o dos policiais durante as atividades.<\/p>\n<p>Uma das motiva\u00e7\u00f5es para esse projeto foi o alto n\u00famero de mortes de policiais civis e militares, que, entre 2016 e 2022, pode ter chegado a um policial morto a cada 39 horas.<\/p>\n<p>A cria\u00e7\u00e3o de um cadastro nacional de ped\u00f3filos tamb\u00e9m est\u00e1 entre os itens de um projeto que deve ser analisado no Senado. O <a href=\"https:\/\/www.camara.leg.br\/proposicoesWeb\/fichadetramitacao?idProposicao=2258828#:~:text=PL%203976%2F2020%20Inteiro%20teor,Projeto%20de%20Lei&amp;text=Disp%C3%B5e%20sobre%20o%20cadastro%20de,da%20Crian%C3%A7a%20e%20do%20Adolescente.\">PL 3.976\/2020<\/a>, do deputado Aluisio Mendes (Republicanos-MA), prev\u00ea que as informa\u00e7\u00f5es de pessoas condenadas por crimes ligados \u00e0 explora\u00e7\u00e3o sexual de crian\u00e7as e adolescentes sejam divulgadas na internet. Um emenda inclu\u00edda neste projeto prev\u00ea ainda a castra\u00e7\u00e3o qu\u00edmica dos condenados por pedofilia.\u00a0<\/p>\n<p>Outros projetos ligados \u00e0 seguran\u00e7a, como o que torna crime hediondo o homic\u00eddio cometido em raz\u00e3o da condi\u00e7\u00e3o de idoso da v\u00edtima e o que prev\u00ea planos de defesa contra roubo de empresas de transporte de valores, tamb\u00e9m fazem parte do pacote da seguran\u00e7a aprovado em 2024, que deve ser retomado em vota\u00e7\u00e3o agora pelo Senado.\u00a0<br \/>\n\u00a0<\/p>\n<p>\t\t\t\t\t\t\t\t\t<img loading=\"lazy\" decoding=\"async\" src=\"https:\/\/brasil61.com\/api\/v1\/serve_pixel\/17677\/79603\" alt=\"Pixel Brasil 61\" class=\"b61_pixel\" width=\"0\" height=\"0\"><\/p>\n<input type=\"hidden\" id=\"baseurl\" value=\"https:\/\/noticiasdestaque.com.br\"><input type=\"hidden\" id=\"audio_nonce\" value=\"6f73a554f1\">","protected":false},"excerpt":{"rendered":"<p>Pacote na seguran\u00e7a p\u00fablica, aprovado pela C\u00e2mara no fim de 2024, \u00e9 composto por 8 projetos <\/p>\n","protected":false},"author":1,"featured_media":41458,"comment_status":"open","ping_status":"open","sticky":false,"template":"","format":"standard","meta":{"fifu_image_url":"","fifu_image_alt":"","footnotes":""},"categories":[50],"tags":[],"class_list":["post-41457","post","type-post","status-publish","format-standard","has-post-thumbnail","hentry","category-politica"],"distributor_meta":false,"distributor_terms":false,"distributor_media":false,"distributor_original_site_name":"Noticias em Destaque","distributor_original_site_url":"https:\/\/noticiasdestaque.com.br","push-errors":false,"_links":{"self":[{"href":"https:\/\/noticiasdestaque.com.br\/index.php\/wp-json\/wp\/v2\/posts\/41457","targetHints":{"allow":["GET"]}}],"collection":[{"href":"https:\/\/noticiasdestaque.com.br\/index.php\/wp-json\/wp\/v2\/posts"}],"about":[{"href":"https:\/\/noticiasdestaque.com.br\/index.php\/wp-json\/wp\/v2\/types\/post"}],"author":[{"embeddable":true,"href":"https:\/\/noticiasdestaque.com.br\/index.php\/wp-json\/wp\/v2\/users\/1"}],"replies":[{"embeddable":true,"href":"https:\/\/noticiasdestaque.com.br\/index.php\/wp-json\/wp\/v2\/comments?post=41457"}],"version-history":[{"count":0,"href":"https:\/\/noticiasdestaque.com.br\/index.php\/wp-json\/wp\/v2\/posts\/41457\/revisions"}],"wp:featuredmedia":[{"embeddable":true,"href":"https:\/\/noticiasdestaque.com.br\/index.php\/wp-json\/wp\/v2\/media\/41458"}],"wp:attachment":[{"href":"https:\/\/noticiasdestaque.com.br\/index.php\/wp-json\/wp\/v2\/media?parent=41457"}],"wp:term":[{"taxonomy":"category","embeddable":true,"href":"https:\/\/noticiasdestaque.com.br\/index.php\/wp-json\/wp\/v2\/categories?post=41457"},{"taxonomy":"post_tag","embeddable":true,"href":"https:\/\/noticiasdestaque.com.br\/index.php\/wp-json\/wp\/v2\/tags?post=41457"}],"curies":[{"name":"wp","href":"https:\/\/api.w.org\/{rel}","templated":true}]}}